{"id":37703,"date":"2019-08-04T17:22:39","date_gmt":"2019-08-04T15:22:39","guid":{"rendered":"http:\/\/lesmaconsdelacreuse.fr\/annuaire\/?p=37703"},"modified":"2020-01-20T11:07:47","modified_gmt":"2020-01-20T10:07:47","slug":"m_32","status":"publish","type":"post","link":"https:\/\/www.lesmaconsdelacreuse.fr\/annuaires\/lettre-m\/m_32\/","title":{"rendered":"MALEDENT Gabriel (1774\u2013apr\u00e8s 1807)"},"content":{"rendered":"<p class=\"last-updated\"><strong>Mis \u00e0 jour le :<\/strong> 29\/04\/2026<\/p><h2 style=\"text-align: center;\"><strong>Gabriel MALEDENT<\/strong><\/h2>\n<p style=\"text-align: center;\"><strong>1774 \u2013 apr\u00e8s 1807<\/strong><\/p>\n<p style=\"text-align: center;\"><img decoding=\"async\" title=\"\" src=\"https:\/\/lesmaconsdelacreuse.fr\/annuaire\/wp-content\/uploads\/2019\/08\/image1-1282.jpg\" alt=\"\" data-asset-id=\"37701\" data-source-id=\"i.0\" \/><\/p>\n<h4 style=\"text-align: center;\"><span style=\"color: #008000;\"><strong>entrepreneur de b\u00e2timents<\/strong><\/span><\/h4>\n<p style=\"text-align: center;\">n\u00e9 \u00e0 Jeansanetas (Roy\u00e8re)<\/p>\n<p style=\"text-align: center;\">le 5 octobre 1774<\/p>\n<p style=\"text-align: center;\">fils de<\/p>\n<p style=\"text-align: center;\">Joseph MALEDENT, <span style=\"color: #008000;\"><strong>ma\u00e7on <\/strong><\/span><strong>\/ <\/strong>L\u00e9onarde LEMASSON<\/p>\n<p style=\"text-align: center;\"><span style=\"color: #ffffff;\">\u25d9<\/span><\/p>\n<p><strong>En 1798<\/strong><em>, Gabriel, <\/em><span style=\"color: #008000;\"><strong>ma\u00e7on<\/strong><\/span><em>, \u00e9pouse Marie <\/em><strong>CHATOUX<\/strong>\u00a0<em> (contrat B\u00e9nassy \u00e0 Gentioux). Il ne sait pas encore signer.<\/em><\/p>\n<p>\u25ba<span style=\"color: #ff00ff;\"><strong><a target=\"_blank\"style=\"color: #ff00ff;\" href=\"https:\/\/www.lesmaconsdelacreuse.fr\/annuaires\/\/wp-content\/uploads\/DOCUMENTS\/1807_-_Gabriel_MALEDENT_entrepreneur_a_Vaise.pdf\">En 1807<\/a><\/strong><\/span><em>, il est <\/em><span style=\"color: #008000;\"><strong>entrepreneur<\/strong><\/span><em> \u00e0 <\/em><span style=\"color: #0000ff;\"><strong>Vaise (69)<\/strong><\/span><em>.<\/em><\/p>\n","protected":false},"excerpt":{"rendered":"<p>Mis \u00e0 jour le : 29\/04\/2026Gabriel MALEDENT 1774 \u2013 apr\u00e8s 1807 entrepreneur de b\u00e2timents n\u00e9 \u00e0 Jeansanetas (Roy\u00e8re) le 5 octobre 1774 fils de Joseph MALEDENT, ma\u00e7on \/ L\u00e9onarde LEMASSON \u25d9 En 1798, Gabriel, ma\u00e7on, \u00e9pouse Marie CHATOUX\u00a0 (contrat B\u00e9nassy \u00e0 Gentioux). Il ne sait pas encore signer. \u25baEn 1807, il est entrepreneur \u00e0 Vaise ..<\/p>\n<div class=\"clear-fix\"><\/div>\n<p><a href=\"https:\/\/www.lesmaconsdelacreuse.fr\/annuaires\/lettre-m\/m_32\/\" title=\"Lire la suite...\">Lire la suite<\/a><\/p>\n","protected":false},"author":2,"featured_media":0,"comment_status":"closed","ping_status":"closed","sticky":false,"template":"","format":"standard","meta":{"_acf_changed":false,"_exactmetrics_skip_tracking":false,"_exactmetrics_sitenote_active":false,"_exactmetrics_sitenote_note":"","_exactmetrics_sitenote_category":0,"footnotes":""},"categories":[14],"tags":[],"class_list":["post-37703","post","type-post","status-publish","format-standard","hentry","category-lettre-m"],"acf":[],"_links":{"self":[{"href":"https:\/\/www.lesmaconsdelacreuse.fr\/annuaires\/wp-json\/wp\/v2\/posts\/37703","targetHints":{"allow":["GET"]}}],"collection":[{"href":"https:\/\/www.lesmaconsdelacreuse.fr\/annuaires\/wp-json\/wp\/v2\/posts"}],"about":[{"href":"https:\/\/www.lesmaconsdelacreuse.fr\/annuaires\/wp-json\/wp\/v2\/types\/post"}],"author":[{"embeddable":true,"href":"https:\/\/www.lesmaconsdelacreuse.fr\/annuaires\/wp-json\/wp\/v2\/users\/2"}],"replies":[{"embeddable":true,"href":"https:\/\/www.lesmaconsdelacreuse.fr\/annuaires\/wp-json\/wp\/v2\/comments?post=37703"}],"version-history":[{"count":0,"href":"https:\/\/www.lesmaconsdelacreuse.fr\/annuaires\/wp-json\/wp\/v2\/posts\/37703\/revisions"}],"wp:attachment":[{"href":"https:\/\/www.lesmaconsdelacreuse.fr\/annuaires\/wp-json\/wp\/v2\/media?parent=37703"}],"wp:term":[{"taxonomy":"category","embeddable":true,"href":"https:\/\/www.lesmaconsdelacreuse.fr\/annuaires\/wp-json\/wp\/v2\/categories?post=37703"},{"taxonomy":"post_tag","embeddable":true,"href":"https:\/\/www.lesmaconsdelacreuse.fr\/annuaires\/wp-json\/wp\/v2\/tags?post=37703"}],"curies":[{"name":"wp","href":"https:\/\/api.w.org\/{rel}","templated":true}]}}