{"id":37705,"date":"2019-08-04T17:22:39","date_gmt":"2019-08-04T15:22:39","guid":{"rendered":"http:\/\/lesmaconsdelacreuse.fr\/annuaire\/?p=37705"},"modified":"2020-09-29T14:50:40","modified_gmt":"2020-09-29T12:50:40","slug":"m_63","status":"publish","type":"post","link":"https:\/\/www.lesmaconsdelacreuse.fr\/annuaires\/lettre-m\/m_63\/","title":{"rendered":"MAN\u00c9GRIER Henri (1888-1969)"},"content":{"rendered":"<p class=\"last-updated\"><strong>Mis \u00e0 jour le :<\/strong> 29\/04\/2026<\/p><h2 style=\"text-align: center;\"><strong>Henri MAN\u00c9GRIER<\/strong><\/h2>\n<p style=\"text-align: center;\"><strong>1888 &#8211; 1969<\/strong><\/p>\n<p style=\"text-align: center;\"><img loading=\"lazy\" decoding=\"async\" class=\"\" title=\"\" src=\"https:\/\/lesmaconsdelacreuse.fr\/annuaire\/wp-content\/uploads\/2019\/08\/image1-1283.jpg\" alt=\"\" width=\"245\" height=\"54\" data-asset-id=\"37702\" data-source-id=\"i.0\" \/><\/p>\n<h4 style=\"text-align: center;\"><strong><span style=\"color: #008000;\">ma\u00e7on<\/span> <\/strong><span style=\"color: #008000;\">et\u00a0<strong>\u25ba<\/strong><strong> <a href=\"https:\/\/www.lesmaconsdelacreuse.fr\/annuaires\/wp-content\/uploads\/2020\/08\/CHARPENTIER.png\" target=\"_blank\" rel=\"noopener noreferrer\"><span style=\"color: #008000;\">charpentier<\/span><\/a><\/strong><\/span><\/h4>\n<p>&nbsp;<\/p>\n<p style=\"text-align: center;\">n\u00e9 \u00e0 Vige (Saint-Junien-la-Breg\u00e8re)<\/p>\n<p style=\"text-align: center;\">le 19 novembre 1888<\/p>\n<p style=\"text-align: center;\">fils de<\/p>\n<p style=\"text-align: center;\">Gabriel MAN\u00c9GRIER,<span style=\"color: #008000;\"><strong> ma\u00e7on<\/strong><\/span><\/p>\n<p style=\"text-align: center;\">Marguerite SOURDIEUX, cultivatrice<\/p>\n<p style=\"text-align: center;\"><span style=\"color: #ffffff;\">\u25d9<\/span><\/p>\n<p><em>Henri \u00e9pouse Marie <\/em><strong>MOREAU<\/strong><em> le 4 mars <\/em><strong>1912<\/strong><em> \u00e0 Saint-Junien-la-Breg\u00e8re (mari\u00e9s sans contrat). <\/em><\/p>\n<p><strong>En 1913<\/strong><em>, il travaille \u00e0 <\/em><span style=\"color: #0000ff;\"><strong>Paris (75)<\/strong><\/span><em>, et loge 42, rue de Domr\u00e9my.<\/em><\/p>\n<p><em>Au retour de la guerre, on le trouve \u00e0 Bourganeuf, 34, rue de l\u2019 Arrier. <\/em><\/p>\n<p><em>Les \u00e9poux y d\u00e9c\u00e8dent tous deux\u00a0:<\/em><\/p>\n<ul>\n<li><em>Marie, le 21 mars <\/em><strong>1968<\/strong><em>, \u00e2g\u00e9e de 77 ans<\/em><\/li>\n<li><em>Henri, le 23 mars <\/em><strong>1969<\/strong><em>, \u00e2g\u00e9 de 80 ans<\/em><\/li>\n<\/ul>\n<p>&nbsp;<\/p>\n","protected":false},"excerpt":{"rendered":"<p>Mis \u00e0 jour le : 29\/04\/2026Henri MAN\u00c9GRIER 1888 &#8211; 1969 ma\u00e7on et\u00a0\u25ba charpentier &nbsp; n\u00e9 \u00e0 Vige (Saint-Junien-la-Breg\u00e8re) le 19 novembre 1888 fils de Gabriel MAN\u00c9GRIER, ma\u00e7on Marguerite SOURDIEUX, cultivatrice \u25d9 Henri \u00e9pouse Marie MOREAU le 4 mars 1912 \u00e0 Saint-Junien-la-Breg\u00e8re (mari\u00e9s sans contrat). En 1913, il travaille \u00e0 Paris (75), et loge 42, rue ..<\/p>\n<div class=\"clear-fix\"><\/div>\n<p><a href=\"https:\/\/www.lesmaconsdelacreuse.fr\/annuaires\/lettre-m\/m_63\/\" title=\"Lire la suite...\">Lire la suite<\/a><\/p>\n","protected":false},"author":2,"featured_media":0,"comment_status":"closed","ping_status":"closed","sticky":false,"template":"","format":"standard","meta":{"_acf_changed":false,"_exactmetrics_skip_tracking":false,"_exactmetrics_sitenote_active":false,"_exactmetrics_sitenote_note":"","_exactmetrics_sitenote_category":0,"footnotes":""},"categories":[14],"tags":[],"class_list":["post-37705","post","type-post","status-publish","format-standard","hentry","category-lettre-m"],"acf":[],"_links":{"self":[{"href":"https:\/\/www.lesmaconsdelacreuse.fr\/annuaires\/wp-json\/wp\/v2\/posts\/37705","targetHints":{"allow":["GET"]}}],"collection":[{"href":"https:\/\/www.lesmaconsdelacreuse.fr\/annuaires\/wp-json\/wp\/v2\/posts"}],"about":[{"href":"https:\/\/www.lesmaconsdelacreuse.fr\/annuaires\/wp-json\/wp\/v2\/types\/post"}],"author":[{"embeddable":true,"href":"https:\/\/www.lesmaconsdelacreuse.fr\/annuaires\/wp-json\/wp\/v2\/users\/2"}],"replies":[{"embeddable":true,"href":"https:\/\/www.lesmaconsdelacreuse.fr\/annuaires\/wp-json\/wp\/v2\/comments?post=37705"}],"version-history":[{"count":0,"href":"https:\/\/www.lesmaconsdelacreuse.fr\/annuaires\/wp-json\/wp\/v2\/posts\/37705\/revisions"}],"wp:attachment":[{"href":"https:\/\/www.lesmaconsdelacreuse.fr\/annuaires\/wp-json\/wp\/v2\/media?parent=37705"}],"wp:term":[{"taxonomy":"category","embeddable":true,"href":"https:\/\/www.lesmaconsdelacreuse.fr\/annuaires\/wp-json\/wp\/v2\/categories?post=37705"},{"taxonomy":"post_tag","embeddable":true,"href":"https:\/\/www.lesmaconsdelacreuse.fr\/annuaires\/wp-json\/wp\/v2\/tags?post=37705"}],"curies":[{"name":"wp","href":"https:\/\/api.w.org\/{rel}","templated":true}]}}