{"id":37706,"date":"2019-08-04T17:22:39","date_gmt":"2019-08-04T15:22:39","guid":{"rendered":"http:\/\/lesmaconsdelacreuse.fr\/annuaire\/?p=37706"},"modified":"2020-10-12T15:55:16","modified_gmt":"2020-10-12T13:55:16","slug":"m_33","status":"publish","type":"post","link":"https:\/\/www.lesmaconsdelacreuse.fr\/annuaires\/lettre-m\/m_33\/","title":{"rendered":"MALEDENT Jean (1791-1877)"},"content":{"rendered":"<p class=\"last-updated\"><strong>Mis \u00e0 jour le :<\/strong> 29\/04\/2026<\/p><h2 style=\"text-align: center;\"><strong>Jean MALEDENT<\/strong><\/h2>\n<p style=\"text-align: center;\"><strong>1791 &#8211; 1877<\/strong><\/p>\n<p style=\"text-align: center;\"><img decoding=\"async\" title=\"\" src=\"https:\/\/lesmaconsdelacreuse.fr\/annuaire\/wp-content\/uploads\/2019\/08\/image1-1284.jpg\" alt=\"\" data-asset-id=\"37704\" data-source-id=\"i.0\" \/><\/p>\n<h4 style=\"text-align: center;\"><strong>\u25ba\u00a0<span style=\"color: #008000;\"><a style=\"color: #008000;\" href=\"https:\/\/www.lesmaconsdelacreuse.fr\/annuaires\/wp-content\/uploads\/2020\/07\/MA\u00ceTRE-MA\u00c7ON.png\" target=\"_blank\" rel=\"noopener noreferrer\">ma\u00eetre ma\u00e7on<\/a><\/span>\u00a0<\/strong><span style=\"color: #008000;\">et<strong> cultivateur<\/strong><\/span><\/h4>\n<p>&nbsp;<\/p>\n<p style=\"text-align: center;\">n\u00e9 au Chiroux (Saint-Pierre-le-Bost)<\/p>\n<p style=\"text-align: center;\">le 28 septembre 1791<\/p>\n<p style=\"text-align: center;\">fils de<\/p>\n<p style=\"text-align: center;\">Arnaud MALEDENT, <span style=\"color: #008000;\"><strong>ma\u00e7on <\/strong><\/span><strong>\/ <\/strong>Marie SAUVANAUD<\/p>\n<p style=\"text-align: center;\">laboureurs<\/p>\n<p style=\"text-align: center;\"><span style=\"color: #ffffff;\">\u25d9<\/span><\/p>\n<p><em>Jean \u00e9pouse Jeanne <\/em><strong>PLANCHADEAU<\/strong><em> le 2 octobre <\/em><strong>1815<\/strong> <em>\u00e0 Saint-Pierre-le-Bost\u00a0 (contrat Lepetit au Monteil-au-Vicomte)\u00a0; il ne sait pas encore signer.<\/em><\/p>\n<p><em>Ils habitent d\u2019abord Le Chiroux. <\/em><\/p>\n<p><strong>En 1830<\/strong><em>, Jean travaille \u00e0 <\/em><span style=\"color: #0000ff;\"><strong>Francheville (69)<\/strong><\/span><em>.<\/em><\/p>\n<p><strong>En 1865<\/strong><em>, les \u00e9poux sont rentiers \u00e0 Lyon 3e, quartier Monplaisir, rue Coignet, maison Maldent.<\/em><\/p>\n<p><em>Ils d\u00e9c\u00e8dent\u00a0:<\/em><\/p>\n<ul>\n<li><em>Jeanne \u00e0 cette derni\u00e8re adresse le 26 f\u00e9vrier <\/em><strong>1865<\/strong><em>, \u00e2g\u00e9e de 73 ans<\/em><\/li>\n<li><em>Jean, cultivateur, le 6 mai <\/em><strong>1877<\/strong><em> \u00e0 Francheville, \u00e2g\u00e9 de 85 ans<\/em><\/li>\n<\/ul>\n<p>&nbsp;<\/p>\n","protected":false},"excerpt":{"rendered":"<p>Mis \u00e0 jour le : 29\/04\/2026Jean MALEDENT 1791 &#8211; 1877 \u25ba\u00a0ma\u00eetre ma\u00e7on\u00a0et cultivateur &nbsp; n\u00e9 au Chiroux (Saint-Pierre-le-Bost) le 28 septembre 1791 fils de Arnaud MALEDENT, ma\u00e7on \/ Marie SAUVANAUD laboureurs \u25d9 Jean \u00e9pouse Jeanne PLANCHADEAU le 2 octobre 1815 \u00e0 Saint-Pierre-le-Bost\u00a0 (contrat Lepetit au Monteil-au-Vicomte)\u00a0; il ne sait pas encore signer. Ils habitent d\u2019abord ..<\/p>\n<div class=\"clear-fix\"><\/div>\n<p><a href=\"https:\/\/www.lesmaconsdelacreuse.fr\/annuaires\/lettre-m\/m_33\/\" title=\"Lire la suite...\">Lire la suite<\/a><\/p>\n","protected":false},"author":2,"featured_media":0,"comment_status":"closed","ping_status":"closed","sticky":false,"template":"","format":"standard","meta":{"_acf_changed":false,"_exactmetrics_skip_tracking":false,"_exactmetrics_sitenote_active":false,"_exactmetrics_sitenote_note":"","_exactmetrics_sitenote_category":0,"footnotes":""},"categories":[14],"tags":[],"class_list":["post-37706","post","type-post","status-publish","format-standard","hentry","category-lettre-m"],"acf":[],"_links":{"self":[{"href":"https:\/\/www.lesmaconsdelacreuse.fr\/annuaires\/wp-json\/wp\/v2\/posts\/37706","targetHints":{"allow":["GET"]}}],"collection":[{"href":"https:\/\/www.lesmaconsdelacreuse.fr\/annuaires\/wp-json\/wp\/v2\/posts"}],"about":[{"href":"https:\/\/www.lesmaconsdelacreuse.fr\/annuaires\/wp-json\/wp\/v2\/types\/post"}],"author":[{"embeddable":true,"href":"https:\/\/www.lesmaconsdelacreuse.fr\/annuaires\/wp-json\/wp\/v2\/users\/2"}],"replies":[{"embeddable":true,"href":"https:\/\/www.lesmaconsdelacreuse.fr\/annuaires\/wp-json\/wp\/v2\/comments?post=37706"}],"version-history":[{"count":0,"href":"https:\/\/www.lesmaconsdelacreuse.fr\/annuaires\/wp-json\/wp\/v2\/posts\/37706\/revisions"}],"wp:attachment":[{"href":"https:\/\/www.lesmaconsdelacreuse.fr\/annuaires\/wp-json\/wp\/v2\/media?parent=37706"}],"wp:term":[{"taxonomy":"category","embeddable":true,"href":"https:\/\/www.lesmaconsdelacreuse.fr\/annuaires\/wp-json\/wp\/v2\/categories?post=37706"},{"taxonomy":"post_tag","embeddable":true,"href":"https:\/\/www.lesmaconsdelacreuse.fr\/annuaires\/wp-json\/wp\/v2\/tags?post=37706"}],"curies":[{"name":"wp","href":"https:\/\/api.w.org\/{rel}","templated":true}]}}