{"id":37713,"date":"2019-08-04T17:22:39","date_gmt":"2019-08-04T15:22:39","guid":{"rendered":"http:\/\/lesmaconsdelacreuse.fr\/annuaire\/?p=37713"},"modified":"2020-01-20T11:07:46","modified_gmt":"2020-01-20T10:07:46","slug":"m_72","status":"publish","type":"post","link":"https:\/\/www.lesmaconsdelacreuse.fr\/annuaires\/lettre-m\/m_72\/","title":{"rendered":"MANGON Fran\u00e7ois (1805-1883)"},"content":{"rendered":"<p class=\"last-updated\"><strong>Mis \u00e0 jour le :<\/strong> 29\/04\/2026<\/p><h2 style=\"text-align: center;\"><strong>Fran\u00e7ois MANGON<\/strong><\/h2>\n<p style=\"text-align: center;\"><strong>1805 &#8211; 1883<\/strong><\/p>\n<p style=\"text-align: center;\"><img decoding=\"async\" title=\"\" src=\"https:\/\/lesmaconsdelacreuse.fr\/annuaire\/wp-content\/uploads\/2019\/08\/image1-1286.jpg\" alt=\"\" data-asset-id=\"37711\" data-source-id=\"i.0\" \/><\/p>\n<h4 style=\"text-align: center;\"><span style=\"color: #008000;\"><strong>ma\u00e7on <\/strong>et<\/span> <span style=\"color: #008000;\"><strong>propri\u00e9taire cultivateur<\/strong><\/span><\/h4>\n<p style=\"text-align: center;\">n\u00e9 \u00e0 V\u00e9rone (Italie)<\/p>\n<p style=\"text-align: center;\">le 30 messidor an XIII (19 juillet 1805)<\/p>\n<p style=\"text-align: center;\">fils de<\/p>\n<p style=\"text-align: center;\">Jean MANGON, lieutenant d\u2019infanterie<\/p>\n<p style=\"text-align: center;\">Anne DALLICANT<\/p>\n<p style=\"text-align: center;\"><span style=\"color: #ffffff;\">\u25d9<\/span><\/p>\n<p><em>Fran\u00e7ois \u00e9pouse Jeanne <\/em><strong>BIOLETTE<\/strong><em> le 11 f\u00e9vrier <\/em><strong>1828<\/strong><em> \u00e0 Roy\u00e8re (contrat Coutisson). <\/em><\/p>\n<p><em>Ils habitent Jeansanetas.<\/em><\/p>\n<p><em>Ils d\u00e9c\u00e8dent\u00a0:<\/em><\/p>\n<ul>\n<li><em>Jeanne, \u00e0 Jeansanetas, le 19 f\u00e9vrier <\/em><strong>1849<\/strong><em>, \u00e2g\u00e9e de 38 ans<\/em><\/li>\n<li><em>Fran\u00e7ois au Mazeau, m\u00eame commune, le 26 septembre <\/em><strong>1883<\/strong><em>, \u00e2g\u00e9 de 78 ans<\/em><\/li>\n<\/ul>\n","protected":false},"excerpt":{"rendered":"<p>Mis \u00e0 jour le : 29\/04\/2026Fran\u00e7ois MANGON 1805 &#8211; 1883 ma\u00e7on et propri\u00e9taire cultivateur n\u00e9 \u00e0 V\u00e9rone (Italie) le 30 messidor an XIII (19 juillet 1805) fils de Jean MANGON, lieutenant d\u2019infanterie Anne DALLICANT \u25d9 Fran\u00e7ois \u00e9pouse Jeanne BIOLETTE le 11 f\u00e9vrier 1828 \u00e0 Roy\u00e8re (contrat Coutisson). Ils habitent Jeansanetas. Ils d\u00e9c\u00e8dent\u00a0: Jeanne, \u00e0 Jeansanetas, ..<\/p>\n<div class=\"clear-fix\"><\/div>\n<p><a href=\"https:\/\/www.lesmaconsdelacreuse.fr\/annuaires\/lettre-m\/m_72\/\" title=\"Lire la suite...\">Lire la suite<\/a><\/p>\n","protected":false},"author":2,"featured_media":0,"comment_status":"closed","ping_status":"closed","sticky":false,"template":"","format":"standard","meta":{"_acf_changed":false,"_exactmetrics_skip_tracking":false,"_exactmetrics_sitenote_active":false,"_exactmetrics_sitenote_note":"","_exactmetrics_sitenote_category":0,"footnotes":""},"categories":[14],"tags":[],"class_list":["post-37713","post","type-post","status-publish","format-standard","hentry","category-lettre-m"],"acf":[],"_links":{"self":[{"href":"https:\/\/www.lesmaconsdelacreuse.fr\/annuaires\/wp-json\/wp\/v2\/posts\/37713","targetHints":{"allow":["GET"]}}],"collection":[{"href":"https:\/\/www.lesmaconsdelacreuse.fr\/annuaires\/wp-json\/wp\/v2\/posts"}],"about":[{"href":"https:\/\/www.lesmaconsdelacreuse.fr\/annuaires\/wp-json\/wp\/v2\/types\/post"}],"author":[{"embeddable":true,"href":"https:\/\/www.lesmaconsdelacreuse.fr\/annuaires\/wp-json\/wp\/v2\/users\/2"}],"replies":[{"embeddable":true,"href":"https:\/\/www.lesmaconsdelacreuse.fr\/annuaires\/wp-json\/wp\/v2\/comments?post=37713"}],"version-history":[{"count":0,"href":"https:\/\/www.lesmaconsdelacreuse.fr\/annuaires\/wp-json\/wp\/v2\/posts\/37713\/revisions"}],"wp:attachment":[{"href":"https:\/\/www.lesmaconsdelacreuse.fr\/annuaires\/wp-json\/wp\/v2\/media?parent=37713"}],"wp:term":[{"taxonomy":"category","embeddable":true,"href":"https:\/\/www.lesmaconsdelacreuse.fr\/annuaires\/wp-json\/wp\/v2\/categories?post=37713"},{"taxonomy":"post_tag","embeddable":true,"href":"https:\/\/www.lesmaconsdelacreuse.fr\/annuaires\/wp-json\/wp\/v2\/tags?post=37713"}],"curies":[{"name":"wp","href":"https:\/\/api.w.org\/{rel}","templated":true}]}}