{"id":37722,"date":"2019-08-04T17:22:40","date_gmt":"2019-08-04T15:22:40","guid":{"rendered":"http:\/\/lesmaconsdelacreuse.fr\/annuaire\/?p=37722"},"modified":"2020-01-20T11:07:45","modified_gmt":"2020-01-20T10:07:45","slug":"m_45","status":"publish","type":"post","link":"https:\/\/www.lesmaconsdelacreuse.fr\/annuaires\/lettre-m\/m_45\/","title":{"rendered":"MALT\u00c9RAS Fran\u00e7ois (1813-1832)"},"content":{"rendered":"<p class=\"last-updated\"><strong>Mis \u00e0 jour le :<\/strong> 27\/04\/2026<\/p><h2 style=\"text-align: center;\"><strong>Fran\u00e7ois MALT\u00c9RAS<\/strong><\/h2>\n<p style=\"text-align: center;\"><strong>Fran\u00e7ois MALTAIRE<\/strong><\/p>\n<p style=\"text-align: center;\"><strong>1813 &#8211; 1832<\/strong><\/p>\n<h4 style=\"text-align: center;\"><strong><span style=\"color: #008000;\">man\u0153uvre ma\u00e7on<\/span><\/strong><\/h4>\n<p style=\"text-align: center;\">n\u00e9 \u00e0 Gioux (Saint-Pierre-le-Bost)<\/p>\n<p style=\"text-align: center;\">le 19 novembre 1813<\/p>\n<p style=\"text-align: center;\">fils de<\/p>\n<p style=\"text-align: center;\">Jean MALT\u00c9RAS,<span style=\"color: #008000;\"><strong> ma\u00e7on <span style=\"color: #000000;\">\/ <\/span><\/strong><\/span>Marie VERGNE<\/p>\n<p style=\"text-align: center;\"><span style=\"color: #ffffff;\">\u25d9<\/span><\/p>\n<p><strong>En 1832<\/strong><em>, Fran\u00e7ois travaille \u00e0 <\/em><span style=\"color: #0000ff;\"><strong>Lyon (69)<\/strong><\/span><em> et loge 36, rue Gentil. <\/em><\/p>\n<p><em>Il y d\u00e9c\u00e8de <\/em><strong>c\u00e9libataire<\/strong><em> le 23 novembre de la m\u00eame ann\u00e9e, \u00e2g\u00e9 de 19 ans\u00a0. <\/em><\/p>\n","protected":false},"excerpt":{"rendered":"<p>Mis \u00e0 jour le : 27\/04\/2026Fran\u00e7ois MALT\u00c9RAS Fran\u00e7ois MALTAIRE 1813 &#8211; 1832 man\u0153uvre ma\u00e7on n\u00e9 \u00e0 Gioux (Saint-Pierre-le-Bost) le 19 novembre 1813 fils de Jean MALT\u00c9RAS, ma\u00e7on \/ Marie VERGNE \u25d9 En 1832, Fran\u00e7ois travaille \u00e0 Lyon (69) et loge 36, rue Gentil. Il y d\u00e9c\u00e8de c\u00e9libataire le 23 novembre de la m\u00eame ann\u00e9e, \u00e2g\u00e9 ..<\/p>\n<div class=\"clear-fix\"><\/div>\n<p><a href=\"https:\/\/www.lesmaconsdelacreuse.fr\/annuaires\/lettre-m\/m_45\/\" title=\"Lire la suite...\">Lire la suite<\/a><\/p>\n","protected":false},"author":2,"featured_media":0,"comment_status":"closed","ping_status":"closed","sticky":false,"template":"","format":"standard","meta":{"_acf_changed":false,"_exactmetrics_skip_tracking":false,"_exactmetrics_sitenote_active":false,"_exactmetrics_sitenote_note":"","_exactmetrics_sitenote_category":0,"footnotes":""},"categories":[14],"tags":[],"class_list":["post-37722","post","type-post","status-publish","format-standard","hentry","category-lettre-m"],"acf":[],"_links":{"self":[{"href":"https:\/\/www.lesmaconsdelacreuse.fr\/annuaires\/wp-json\/wp\/v2\/posts\/37722","targetHints":{"allow":["GET"]}}],"collection":[{"href":"https:\/\/www.lesmaconsdelacreuse.fr\/annuaires\/wp-json\/wp\/v2\/posts"}],"about":[{"href":"https:\/\/www.lesmaconsdelacreuse.fr\/annuaires\/wp-json\/wp\/v2\/types\/post"}],"author":[{"embeddable":true,"href":"https:\/\/www.lesmaconsdelacreuse.fr\/annuaires\/wp-json\/wp\/v2\/users\/2"}],"replies":[{"embeddable":true,"href":"https:\/\/www.lesmaconsdelacreuse.fr\/annuaires\/wp-json\/wp\/v2\/comments?post=37722"}],"version-history":[{"count":0,"href":"https:\/\/www.lesmaconsdelacreuse.fr\/annuaires\/wp-json\/wp\/v2\/posts\/37722\/revisions"}],"wp:attachment":[{"href":"https:\/\/www.lesmaconsdelacreuse.fr\/annuaires\/wp-json\/wp\/v2\/media?parent=37722"}],"wp:term":[{"taxonomy":"category","embeddable":true,"href":"https:\/\/www.lesmaconsdelacreuse.fr\/annuaires\/wp-json\/wp\/v2\/categories?post=37722"},{"taxonomy":"post_tag","embeddable":true,"href":"https:\/\/www.lesmaconsdelacreuse.fr\/annuaires\/wp-json\/wp\/v2\/tags?post=37722"}],"curies":[{"name":"wp","href":"https:\/\/api.w.org\/{rel}","templated":true}]}}