{"id":37726,"date":"2019-08-04T17:22:40","date_gmt":"2019-08-04T15:22:40","guid":{"rendered":"http:\/\/lesmaconsdelacreuse.fr\/annuaire\/?p=37726"},"modified":"2022-06-08T17:27:26","modified_gmt":"2022-06-08T15:27:26","slug":"m_61","status":"publish","type":"post","link":"https:\/\/www.lesmaconsdelacreuse.fr\/annuaires\/lettre-m\/m_61\/","title":{"rendered":"MAN\u00c9GRIER Fran\u00e7ois (1822\u2013apr\u00e8s 1852)"},"content":{"rendered":"<p class=\"last-updated\"><strong>Mis \u00e0 jour le :<\/strong> 29\/04\/2026<\/p><h2 style=\"text-align: center;\"><strong>Fran\u00e7ois MAN\u00c9GRIER<\/strong><\/h2>\n<p style=\"text-align: center;\"><strong>1822 \u2013 apr\u00e8s 1852<\/strong><\/p>\n<p><a href=\"https:\/\/www.lesmaconsdelacreuse.fr\/annuaires\/wp-content\/uploads\/2020\/07\/ne-sait-pas-signer.jpg\"><img loading=\"lazy\" decoding=\"async\" class=\"size-full wp-image-174596 aligncenter\" src=\"https:\/\/www.lesmaconsdelacreuse.fr\/annuaires\/wp-content\/uploads\/2020\/07\/ne-sait-pas-signer.jpg\" alt=\"\" width=\"156\" height=\"31\" srcset=\"https:\/\/www.lesmaconsdelacreuse.fr\/annuaires\/wp-content\/uploads\/2020\/07\/ne-sait-pas-signer.jpg 156w, https:\/\/www.lesmaconsdelacreuse.fr\/annuaires\/wp-content\/uploads\/2020\/07\/ne-sait-pas-signer-150x30.jpg 150w\" sizes=\"auto, (max-width: 156px) 100vw, 156px\" \/><\/a><\/p>\n<h4 style=\"text-align: center;\"><span style=\"color: #008000;\"><strong>ma\u00e7on<\/strong><\/span><\/h4>\n<p style=\"text-align: center;\">n\u00e9 \u00e0 Arfeuille (Saint-Junien-la-Breg\u00e8re)<\/p>\n<p style=\"text-align: center;\">le 27 septembre 1822<\/p>\n<p style=\"text-align: center;\">fils de<\/p>\n<p style=\"text-align: center;\">Gabriel MAN\u00c9GRIER \/ Marie P\u00c9RICHON<\/p>\n<p style=\"text-align: center;\">cultivateurs<\/p>\n<p style=\"text-align: center;\"><span style=\"color: #ffffff;\">\u25d9<\/span><\/p>\n<p><strong>En 1843<\/strong><em><strong>,<\/strong> Fran\u00e7ois est exempt\u00e9 de service militaire pour mauvaises dents.<\/em><\/p>\n<p><em>Il \u00e9pouse Th\u00e9r\u00e8se <\/em><strong>JOUANAUD<\/strong><em> le 7 juin de la m\u00eame ann\u00e9e \u00e0 Faux-Mazuras.<\/em><\/p>\n<p><em>\u00a0<\/em><em>Ils habitent Arfeuille.<\/em><\/p>\n<p><em>\u00a0<\/em><em>Th\u00e9r\u00e8se y \u00a0d\u00e9c\u00e8de le 23 avril <\/em><strong>1852<\/strong>.<\/p>\n<p><em>\u00a0<\/em><em>\u00a0Fran\u00e7ois \u00e9pouse Jeanne <\/em><strong>BR\u00c9CHOUX<\/strong><em>, servante, le 6 octobre de la m\u00eame ann\u00e9e \u00e0 Saint-Moreil (mari\u00e9s sans contrat)<\/em><\/p>\n","protected":false},"excerpt":{"rendered":"<p>Mis \u00e0 jour le : 29\/04\/2026Fran\u00e7ois MAN\u00c9GRIER 1822 \u2013 apr\u00e8s 1852 ma\u00e7on n\u00e9 \u00e0 Arfeuille (Saint-Junien-la-Breg\u00e8re) le 27 septembre 1822 fils de Gabriel MAN\u00c9GRIER \/ Marie P\u00c9RICHON cultivateurs \u25d9 En 1843, Fran\u00e7ois est exempt\u00e9 de service militaire pour mauvaises dents. Il \u00e9pouse Th\u00e9r\u00e8se JOUANAUD le 7 juin de la m\u00eame ann\u00e9e \u00e0 Faux-Mazuras. \u00a0Ils habitent ..<\/p>\n<div class=\"clear-fix\"><\/div>\n<p><a href=\"https:\/\/www.lesmaconsdelacreuse.fr\/annuaires\/lettre-m\/m_61\/\" title=\"Lire la suite...\">Lire la suite<\/a><\/p>\n","protected":false},"author":2,"featured_media":0,"comment_status":"closed","ping_status":"closed","sticky":false,"template":"","format":"standard","meta":{"_acf_changed":false,"_exactmetrics_skip_tracking":false,"_exactmetrics_sitenote_active":false,"_exactmetrics_sitenote_note":"","_exactmetrics_sitenote_category":0,"footnotes":""},"categories":[14],"tags":[],"class_list":["post-37726","post","type-post","status-publish","format-standard","hentry","category-lettre-m"],"acf":[],"_links":{"self":[{"href":"https:\/\/www.lesmaconsdelacreuse.fr\/annuaires\/wp-json\/wp\/v2\/posts\/37726","targetHints":{"allow":["GET"]}}],"collection":[{"href":"https:\/\/www.lesmaconsdelacreuse.fr\/annuaires\/wp-json\/wp\/v2\/posts"}],"about":[{"href":"https:\/\/www.lesmaconsdelacreuse.fr\/annuaires\/wp-json\/wp\/v2\/types\/post"}],"author":[{"embeddable":true,"href":"https:\/\/www.lesmaconsdelacreuse.fr\/annuaires\/wp-json\/wp\/v2\/users\/2"}],"replies":[{"embeddable":true,"href":"https:\/\/www.lesmaconsdelacreuse.fr\/annuaires\/wp-json\/wp\/v2\/comments?post=37726"}],"version-history":[{"count":3,"href":"https:\/\/www.lesmaconsdelacreuse.fr\/annuaires\/wp-json\/wp\/v2\/posts\/37726\/revisions"}],"predecessor-version":[{"id":200331,"href":"https:\/\/www.lesmaconsdelacreuse.fr\/annuaires\/wp-json\/wp\/v2\/posts\/37726\/revisions\/200331"}],"wp:attachment":[{"href":"https:\/\/www.lesmaconsdelacreuse.fr\/annuaires\/wp-json\/wp\/v2\/media?parent=37726"}],"wp:term":[{"taxonomy":"category","embeddable":true,"href":"https:\/\/www.lesmaconsdelacreuse.fr\/annuaires\/wp-json\/wp\/v2\/categories?post=37726"},{"taxonomy":"post_tag","embeddable":true,"href":"https:\/\/www.lesmaconsdelacreuse.fr\/annuaires\/wp-json\/wp\/v2\/tags?post=37726"}],"curies":[{"name":"wp","href":"https:\/\/api.w.org\/{rel}","templated":true}]}}