{"id":37730,"date":"2019-08-04T17:22:40","date_gmt":"2019-08-04T15:22:40","guid":{"rendered":"http:\/\/lesmaconsdelacreuse.fr\/annuaire\/?p=37730"},"modified":"2020-01-20T11:07:44","modified_gmt":"2020-01-20T10:07:44","slug":"m_90","status":"publish","type":"post","link":"https:\/\/www.lesmaconsdelacreuse.fr\/annuaires\/lettre-m\/m_90\/","title":{"rendered":"MARCILIAC Jacques (1840\u2013apr\u00e8s 1915)"},"content":{"rendered":"<p class=\"last-updated\"><strong>Mis \u00e0 jour le :<\/strong> 29\/04\/2026<\/p><h2 style=\"text-align: center;\"><strong>Jacques MARCILIAC<\/strong><\/h2>\n<p style=\"text-align: center;\"><strong>1840 \u2013 apr\u00e8s 1915<\/strong><\/p>\n<p style=\"text-align: center;\"><img decoding=\"async\" title=\"\" src=\"https:\/\/lesmaconsdelacreuse.fr\/annuaire\/wp-content\/uploads\/2019\/08\/image1-1292.jpg\" alt=\"\" data-asset-id=\"37728\" data-source-id=\"i.0\" \/><\/p>\n<h4 style=\"text-align: center;\"><strong><span style=\"color: #008000;\">ma\u00e7on<\/span> <\/strong><span style=\"color: #008000;\">et<strong> cultivateur<\/strong><\/span><\/h4>\n<p style=\"text-align: center;\">n\u00e9 \u00e0 La Faye (Saint-Pardoux-Lavaud)<\/p>\n<p style=\"text-align: center;\">le 1er mars 1840<\/p>\n<p style=\"text-align: center;\">fils de<\/p>\n<p style=\"text-align: center;\">Jacques MARCILLAC \/ L\u00e9onarde LEROUSSEAU<\/p>\n<p style=\"text-align: center;\">cultivateurs<\/p>\n<p style=\"text-align: center;\"><span style=\"color: #ffffff;\">\u25d9<\/span><\/p>\n<p><em>Jacques \u00e9pouse Fran\u00e7oise <\/em><strong>SENY<\/strong><em> le 5 f\u00e9vrier <\/em><strong>1867<\/strong><em> \u00e0 Saint-Pardoux (contrat Magadoux \u00e0 Saint-Martin-Ch\u00e2teau).<\/em><\/p>\n<p><em> Ils habitent Buze, commune de Saint-Pardoux.<\/em><\/p>\n<p><strong>En 1872<\/strong><em>, Jacques travaille \u00e0 <\/em><span style=\"color: #0000ff;\"><strong>Oullins (69)<\/strong><\/span><em> et loge 30 rue Tupin.<\/em><\/p>\n<p><em>Fran\u00e7oise y d\u00e9c\u00e8de le 25 avril <\/em><strong>1915<\/strong>,<em> \u00e2g\u00e9e de 69 ans. <\/em><\/p>\n","protected":false},"excerpt":{"rendered":"<p>Mis \u00e0 jour le : 29\/04\/2026Jacques MARCILIAC 1840 \u2013 apr\u00e8s 1915 ma\u00e7on et cultivateur n\u00e9 \u00e0 La Faye (Saint-Pardoux-Lavaud) le 1er mars 1840 fils de Jacques MARCILLAC \/ L\u00e9onarde LEROUSSEAU cultivateurs \u25d9 Jacques \u00e9pouse Fran\u00e7oise SENY le 5 f\u00e9vrier 1867 \u00e0 Saint-Pardoux (contrat Magadoux \u00e0 Saint-Martin-Ch\u00e2teau). Ils habitent Buze, commune de Saint-Pardoux. En 1872, Jacques ..<\/p>\n<div class=\"clear-fix\"><\/div>\n<p><a href=\"https:\/\/www.lesmaconsdelacreuse.fr\/annuaires\/lettre-m\/m_90\/\" title=\"Lire la suite...\">Lire la suite<\/a><\/p>\n","protected":false},"author":2,"featured_media":0,"comment_status":"closed","ping_status":"closed","sticky":false,"template":"","format":"standard","meta":{"_acf_changed":false,"_exactmetrics_skip_tracking":false,"_exactmetrics_sitenote_active":false,"_exactmetrics_sitenote_note":"","_exactmetrics_sitenote_category":0,"footnotes":""},"categories":[14],"tags":[],"class_list":["post-37730","post","type-post","status-publish","format-standard","hentry","category-lettre-m"],"acf":[],"_links":{"self":[{"href":"https:\/\/www.lesmaconsdelacreuse.fr\/annuaires\/wp-json\/wp\/v2\/posts\/37730","targetHints":{"allow":["GET"]}}],"collection":[{"href":"https:\/\/www.lesmaconsdelacreuse.fr\/annuaires\/wp-json\/wp\/v2\/posts"}],"about":[{"href":"https:\/\/www.lesmaconsdelacreuse.fr\/annuaires\/wp-json\/wp\/v2\/types\/post"}],"author":[{"embeddable":true,"href":"https:\/\/www.lesmaconsdelacreuse.fr\/annuaires\/wp-json\/wp\/v2\/users\/2"}],"replies":[{"embeddable":true,"href":"https:\/\/www.lesmaconsdelacreuse.fr\/annuaires\/wp-json\/wp\/v2\/comments?post=37730"}],"version-history":[{"count":0,"href":"https:\/\/www.lesmaconsdelacreuse.fr\/annuaires\/wp-json\/wp\/v2\/posts\/37730\/revisions"}],"wp:attachment":[{"href":"https:\/\/www.lesmaconsdelacreuse.fr\/annuaires\/wp-json\/wp\/v2\/media?parent=37730"}],"wp:term":[{"taxonomy":"category","embeddable":true,"href":"https:\/\/www.lesmaconsdelacreuse.fr\/annuaires\/wp-json\/wp\/v2\/categories?post=37730"},{"taxonomy":"post_tag","embeddable":true,"href":"https:\/\/www.lesmaconsdelacreuse.fr\/annuaires\/wp-json\/wp\/v2\/tags?post=37730"}],"curies":[{"name":"wp","href":"https:\/\/api.w.org\/{rel}","templated":true}]}}