{"id":37732,"date":"2019-08-04T17:22:40","date_gmt":"2019-08-04T15:22:40","guid":{"rendered":"http:\/\/lesmaconsdelacreuse.fr\/annuaire\/?p=37732"},"modified":"2020-09-29T10:36:54","modified_gmt":"2020-09-29T08:36:54","slug":"m_39","status":"publish","type":"post","link":"https:\/\/www.lesmaconsdelacreuse.fr\/annuaires\/lettre-m\/m_39\/","title":{"rendered":"MALDENT Louis (1803\u20131870)"},"content":{"rendered":"<p class=\"last-updated\"><strong>Mis \u00e0 jour le :<\/strong> 27\/04\/2026<\/p><h2 style=\"text-align: center;\"><strong>Louis MALDENT<\/strong><\/h2>\n<p style=\"text-align: center;\"><strong>1803 \u2013 1870<\/strong><\/p>\n<p style=\"text-align: center;\"><img decoding=\"async\" title=\"\" src=\"https:\/\/lesmaconsdelacreuse.fr\/annuaire\/wp-content\/uploads\/2019\/08\/image1-1293.jpg\" alt=\"\" data-asset-id=\"37731\" data-source-id=\"i.0\" \/><\/p>\n<h4 style=\"text-align: center;\"><span style=\"color: #008000;\"><strong>ma\u00e7on <\/strong>et<\/span> <span style=\"color: #008000;\"><strong>propri\u00e9taire cultivateur<\/strong><\/span><\/h4>\n<p>&nbsp;<\/p>\n<p style=\"text-align: center;\">n\u00e9 au bourg de Charri\u00e8re<\/p>\n<p style=\"text-align: center;\">le 15 messidor an XI (4 juillet 1803)<\/p>\n<p style=\"text-align: center;\">fils de<\/p>\n<p style=\"text-align: center;\">Fran\u00e7ois MALDENT \/ Anne CHAUM\u00c9NY<\/p>\n<p style=\"text-align: center;\">propri\u00e9taires cultivateurs<\/p>\n<p style=\"text-align: center;\"><span style=\"color: #ffffff;\">\u25d9<\/span><\/p>\n<p><strong>Avant 1824<\/strong><em>, Louis \u00e9pouse Fran\u00e7oise <\/em><strong>BOUILLAUD<\/strong> <em>. Ils habitent Charri\u00e8re.<\/em><\/p>\n<p><strong>En 1845<\/strong><em>, ils habitent La Chaise, commune de Thauron.<\/em><\/p>\n<p><em>Fran\u00e7oise y d\u00e9c\u00e8de le 6 novembre de la m\u00eame ann\u00e9e, \u00e2g\u00e9e de 46 ans environ.<\/em><\/p>\n<p><strong>En 1857<\/strong>,<em> Louis veuf, est incarc\u00e9r\u00e9 six jours \u00e0 la \u25ba<a href=\"https:\/\/www.lesmaconsdelacreuse.fr\/annuaires\/wp-content\/uploads\/2020\/07\/PRISON-SAINT-JOSEPH.png\" target=\"_blank\" rel=\"noopener noreferrer\">prison Saint-Joseph<\/a> de <\/em><span style=\"color: #0000ff;\"><strong>Lyon (69) <\/strong><\/span><em>pour r\u00e9bellion \u00e0 garde-champ\u00eatre.<\/em><\/p>\n<p><em>Il d\u00e9c\u00e8de, \u00e9poux de Jeanne <\/em><strong>JEAUGET\u00a0<\/strong>(?)<em>, \u00e0 Chez-Bardon, commune d\u2019 Azat-Ch\u00e2tenet, le 10 septembre <\/em><strong>1870<\/strong><em>, \u00e2g\u00e9 de 67 ans.<\/em><\/p>\n<p>&nbsp;<\/p>\n","protected":false},"excerpt":{"rendered":"<p>Mis \u00e0 jour le : 27\/04\/2026Louis MALDENT 1803 \u2013 1870 ma\u00e7on et propri\u00e9taire cultivateur &nbsp; n\u00e9 au bourg de Charri\u00e8re le 15 messidor an XI (4 juillet 1803) fils de Fran\u00e7ois MALDENT \/ Anne CHAUM\u00c9NY propri\u00e9taires cultivateurs \u25d9 Avant 1824, Louis \u00e9pouse Fran\u00e7oise BOUILLAUD . Ils habitent Charri\u00e8re. En 1845, ils habitent La Chaise, commune ..<\/p>\n<div class=\"clear-fix\"><\/div>\n<p><a href=\"https:\/\/www.lesmaconsdelacreuse.fr\/annuaires\/lettre-m\/m_39\/\" title=\"Lire la suite...\">Lire la suite<\/a><\/p>\n","protected":false},"author":2,"featured_media":0,"comment_status":"closed","ping_status":"closed","sticky":false,"template":"","format":"standard","meta":{"_acf_changed":false,"_exactmetrics_skip_tracking":false,"_exactmetrics_sitenote_active":false,"_exactmetrics_sitenote_note":"","_exactmetrics_sitenote_category":0,"footnotes":""},"categories":[14],"tags":[],"class_list":["post-37732","post","type-post","status-publish","format-standard","hentry","category-lettre-m"],"acf":[],"_links":{"self":[{"href":"https:\/\/www.lesmaconsdelacreuse.fr\/annuaires\/wp-json\/wp\/v2\/posts\/37732","targetHints":{"allow":["GET"]}}],"collection":[{"href":"https:\/\/www.lesmaconsdelacreuse.fr\/annuaires\/wp-json\/wp\/v2\/posts"}],"about":[{"href":"https:\/\/www.lesmaconsdelacreuse.fr\/annuaires\/wp-json\/wp\/v2\/types\/post"}],"author":[{"embeddable":true,"href":"https:\/\/www.lesmaconsdelacreuse.fr\/annuaires\/wp-json\/wp\/v2\/users\/2"}],"replies":[{"embeddable":true,"href":"https:\/\/www.lesmaconsdelacreuse.fr\/annuaires\/wp-json\/wp\/v2\/comments?post=37732"}],"version-history":[{"count":0,"href":"https:\/\/www.lesmaconsdelacreuse.fr\/annuaires\/wp-json\/wp\/v2\/posts\/37732\/revisions"}],"wp:attachment":[{"href":"https:\/\/www.lesmaconsdelacreuse.fr\/annuaires\/wp-json\/wp\/v2\/media?parent=37732"}],"wp:term":[{"taxonomy":"category","embeddable":true,"href":"https:\/\/www.lesmaconsdelacreuse.fr\/annuaires\/wp-json\/wp\/v2\/categories?post=37732"},{"taxonomy":"post_tag","embeddable":true,"href":"https:\/\/www.lesmaconsdelacreuse.fr\/annuaires\/wp-json\/wp\/v2\/tags?post=37732"}],"curies":[{"name":"wp","href":"https:\/\/api.w.org\/{rel}","templated":true}]}}