{"id":37734,"date":"2019-08-04T17:22:40","date_gmt":"2019-08-04T15:22:40","guid":{"rendered":"http:\/\/lesmaconsdelacreuse.fr\/annuaire\/?p=37734"},"modified":"2020-06-08T15:49:03","modified_gmt":"2020-06-08T13:49:03","slug":"m_58","status":"publish","type":"post","link":"https:\/\/www.lesmaconsdelacreuse.fr\/annuaires\/lettre-m\/m_58\/","title":{"rendered":"MANDON Fran\u00e7ois (1843-1921)"},"content":{"rendered":"<p class=\"last-updated\"><strong>Mis \u00e0 jour le :<\/strong> 29\/04\/2026<\/p><h2 style=\"text-align: center;\"><strong>Fran\u00e7ois MANDON<br \/>\n<\/strong><\/h2>\n<p style=\"text-align: center;\"><strong>1843 &#8211; 1921<\/strong><\/p>\n<p style=\"text-align: center;\"><img loading=\"lazy\" decoding=\"async\" class=\"\" title=\"\" src=\"https:\/\/lesmaconsdelacreuse.fr\/annuaire\/wp-content\/uploads\/2019\/08\/image1-1294.jpg\" alt=\"\" width=\"308\" height=\"71\" data-asset-id=\"37733\" data-source-id=\"i.0\" \/><\/p>\n<h4 style=\"text-align: center;\"><span style=\"color: #008000;\"><strong>ma\u00e7on <\/strong>et<strong> cultivateur<\/strong><\/span><\/h4>\n<p style=\"text-align: center;\">n\u00e9 au Sibioux (La Mazi\u00e8re)<\/p>\n<p style=\"text-align: center;\">le 16 octobre 1843<\/p>\n<p style=\"text-align: center;\">fils de<\/p>\n<p style=\"text-align: center;\">Joseph MANDON, <span style=\"color: #008000;\"><strong>ma\u00e7on <\/strong><\/span><strong>\/ <\/strong>Anne GIRONNET<\/p>\n<p style=\"text-align: center;\"><span style=\"color: #ffffff;\">\u25d9<\/span><\/p>\n<p><strong>En 1872<\/strong><em>, Fran\u00e7ois travaille \u00e0 <\/em><span style=\"color: #0000ff;\"><strong>Lyon (69)<\/strong><\/span><em> et loge 7, rue Mortier.<\/em><\/p>\n<p><em>Il \u00e9pouse Marie Jeanne <\/em><strong>BONAMOUR<\/strong><em>, couturi\u00e8re n\u00e9e au Monteil-au-Vicomte, veuve d\u2019 Amable FOURNIER, le 31 ao\u00fbt de la m\u00eame ann\u00e9e \u00e0 Lyon 3e . <\/em><\/p>\n<p><strong>En 1874<\/strong><em>, les \u00e9poux habitent toujours Lyon.<\/em><\/p>\n<p><em>Ils d\u00e9c\u00e8dent \u00e0 Pramy, commune de Saint-Pierre-Bellevue\u00a0:<\/em><\/p>\n<ul>\n<li><em>Fran\u00e7ois, le 11 juin <\/em><strong>1921<\/strong><em>, \u00e2g\u00e9 de 77 ans<\/em><\/li>\n<li><em>Marie-Jeanne, le 25 mars <\/em><strong>1924<\/strong><em>, \u00e2g\u00e9e de 81 ans<\/em><\/li>\n<\/ul>\n","protected":false},"excerpt":{"rendered":"<p>Mis \u00e0 jour le : 29\/04\/2026Fran\u00e7ois MANDON 1843 &#8211; 1921 ma\u00e7on et cultivateur n\u00e9 au Sibioux (La Mazi\u00e8re) le 16 octobre 1843 fils de Joseph MANDON, ma\u00e7on \/ Anne GIRONNET \u25d9 En 1872, Fran\u00e7ois travaille \u00e0 Lyon (69) et loge 7, rue Mortier. Il \u00e9pouse Marie Jeanne BONAMOUR, couturi\u00e8re n\u00e9e au Monteil-au-Vicomte, veuve d\u2019 Amable ..<\/p>\n<div class=\"clear-fix\"><\/div>\n<p><a href=\"https:\/\/www.lesmaconsdelacreuse.fr\/annuaires\/lettre-m\/m_58\/\" title=\"Lire la suite...\">Lire la suite<\/a><\/p>\n","protected":false},"author":2,"featured_media":0,"comment_status":"closed","ping_status":"closed","sticky":false,"template":"","format":"standard","meta":{"_acf_changed":false,"_exactmetrics_skip_tracking":false,"_exactmetrics_sitenote_active":false,"_exactmetrics_sitenote_note":"","_exactmetrics_sitenote_category":0,"footnotes":""},"categories":[14],"tags":[],"class_list":["post-37734","post","type-post","status-publish","format-standard","hentry","category-lettre-m"],"acf":[],"_links":{"self":[{"href":"https:\/\/www.lesmaconsdelacreuse.fr\/annuaires\/wp-json\/wp\/v2\/posts\/37734","targetHints":{"allow":["GET"]}}],"collection":[{"href":"https:\/\/www.lesmaconsdelacreuse.fr\/annuaires\/wp-json\/wp\/v2\/posts"}],"about":[{"href":"https:\/\/www.lesmaconsdelacreuse.fr\/annuaires\/wp-json\/wp\/v2\/types\/post"}],"author":[{"embeddable":true,"href":"https:\/\/www.lesmaconsdelacreuse.fr\/annuaires\/wp-json\/wp\/v2\/users\/2"}],"replies":[{"embeddable":true,"href":"https:\/\/www.lesmaconsdelacreuse.fr\/annuaires\/wp-json\/wp\/v2\/comments?post=37734"}],"version-history":[{"count":0,"href":"https:\/\/www.lesmaconsdelacreuse.fr\/annuaires\/wp-json\/wp\/v2\/posts\/37734\/revisions"}],"wp:attachment":[{"href":"https:\/\/www.lesmaconsdelacreuse.fr\/annuaires\/wp-json\/wp\/v2\/media?parent=37734"}],"wp:term":[{"taxonomy":"category","embeddable":true,"href":"https:\/\/www.lesmaconsdelacreuse.fr\/annuaires\/wp-json\/wp\/v2\/categories?post=37734"},{"taxonomy":"post_tag","embeddable":true,"href":"https:\/\/www.lesmaconsdelacreuse.fr\/annuaires\/wp-json\/wp\/v2\/tags?post=37734"}],"curies":[{"name":"wp","href":"https:\/\/api.w.org\/{rel}","templated":true}]}}