{"id":37737,"date":"2019-08-04T17:22:40","date_gmt":"2019-08-04T15:22:40","guid":{"rendered":"http:\/\/lesmaconsdelacreuse.fr\/annuaire\/?p=37737"},"modified":"2022-05-20T20:17:19","modified_gmt":"2022-05-20T18:17:19","slug":"m_55","status":"publish","type":"post","link":"https:\/\/www.lesmaconsdelacreuse.fr\/annuaires\/lettre-m\/m_55\/","title":{"rendered":"MANAUD Fran\u00e7ois (1848-1899)"},"content":{"rendered":"<p class=\"last-updated\"><strong>Mis \u00e0 jour le :<\/strong> 29\/04\/2026<\/p><h2 style=\"text-align: center;\"><strong>Fran\u00e7ois MANAUD<\/strong><\/h2>\n<p style=\"text-align: center;\"><strong>Fran\u00e7ois MANOT<\/strong><\/p>\n<p style=\"text-align: center;\"><strong>1848 &#8211; 1899<\/strong><\/p>\n<p style=\"text-align: center;\"><img decoding=\"async\" title=\"\" src=\"https:\/\/lesmaconsdelacreuse.fr\/annuaire\/wp-content\/uploads\/2019\/08\/image1-89.png\" alt=\"\" data-asset-id=\"37735\" data-source-id=\"i.0\" \/><\/p>\n<h4 style=\"text-align: center;\"><span style=\"color: #008000;\"><strong>ma\u00e7on<\/strong><\/span><\/h4>\n<p style=\"text-align: center;\">n\u00e9 \u00e0 Masgrangeas (Roy\u00e8re)<\/p>\n<p style=\"text-align: center;\">le 3 d\u00e9cembre 1848<\/p>\n<p style=\"text-align: center;\">fils de<\/p>\n<p style=\"text-align: center;\">\u00c9tienne MANAUD, <span style=\"color: #008000;\"><strong>ma\u00e7on<\/strong><\/span><\/p>\n<p style=\"text-align: center;\">Jeanne ROTY, cultivatrice<\/p>\n<p style=\"text-align: center;\"><span style=\"color: #ffffff;\">\u25d9<\/span><\/p>\n<p>&nbsp;<\/p>\n<p><strong>En 1873<\/strong><em>, Fran\u00e7ois habite Vichez, commune de Beaumont (87).<\/em><\/p>\n<p><em>\u00a0<\/em><em>Le 10 f\u00e9vrier de la m\u00eame ann\u00e9e, il <\/em><em>\u00e9pouse Th\u00e9r\u00e8se <\/em><strong>RUBY<\/strong><em> \u00e0 Beaumont.<\/em><\/p>\n<p><strong>D\u00e8s 1879<\/strong><em>, ils habitent <\/em><strong><span style=\"color: #0000ff;\">Lyon (69)<\/span>,<\/strong><em> 40, rue Grol\u00e9e, 2e arrondissement\u00a0;<\/em><\/p>\n<p><strong>en 1899<\/strong><em>, 3, rue de la Victoire, 3e arrondissement, et Th\u00e9r\u00e8se est commer\u00e7ante.<\/em><\/p>\n<p><em> Fran\u00e7ois y d\u00e9c\u00e8de le 13 f\u00e9vrier de la m\u00eame ann\u00e9e, \u00e2g\u00e9 de 50 ans.<\/em><\/p>\n<p><em> Th\u00e9r\u00e8se d\u00e9c\u00e8de \u00e0 Villeurbanne (69) le 26 d\u00e9cembre <\/em>1928<em>, \u00e2g\u00e9e de 76 ans.<\/em><\/p>\n","protected":false},"excerpt":{"rendered":"<p>Mis \u00e0 jour le : 29\/04\/2026Fran\u00e7ois MANAUD Fran\u00e7ois MANOT 1848 &#8211; 1899 ma\u00e7on n\u00e9 \u00e0 Masgrangeas (Roy\u00e8re) le 3 d\u00e9cembre 1848 fils de \u00c9tienne MANAUD, ma\u00e7on Jeanne ROTY, cultivatrice \u25d9 &nbsp; En 1873, Fran\u00e7ois habite Vichez, commune de Beaumont (87). \u00a0Le 10 f\u00e9vrier de la m\u00eame ann\u00e9e, il \u00e9pouse Th\u00e9r\u00e8se RUBY \u00e0 Beaumont. D\u00e8s 1879, ..<\/p>\n<div class=\"clear-fix\"><\/div>\n<p><a href=\"https:\/\/www.lesmaconsdelacreuse.fr\/annuaires\/lettre-m\/m_55\/\" title=\"Lire la suite...\">Lire la suite<\/a><\/p>\n","protected":false},"author":2,"featured_media":0,"comment_status":"closed","ping_status":"closed","sticky":false,"template":"","format":"standard","meta":{"_acf_changed":false,"_exactmetrics_skip_tracking":false,"_exactmetrics_sitenote_active":false,"_exactmetrics_sitenote_note":"","_exactmetrics_sitenote_category":0,"footnotes":""},"categories":[14],"tags":[],"class_list":["post-37737","post","type-post","status-publish","format-standard","hentry","category-lettre-m"],"acf":[],"_links":{"self":[{"href":"https:\/\/www.lesmaconsdelacreuse.fr\/annuaires\/wp-json\/wp\/v2\/posts\/37737","targetHints":{"allow":["GET"]}}],"collection":[{"href":"https:\/\/www.lesmaconsdelacreuse.fr\/annuaires\/wp-json\/wp\/v2\/posts"}],"about":[{"href":"https:\/\/www.lesmaconsdelacreuse.fr\/annuaires\/wp-json\/wp\/v2\/types\/post"}],"author":[{"embeddable":true,"href":"https:\/\/www.lesmaconsdelacreuse.fr\/annuaires\/wp-json\/wp\/v2\/users\/2"}],"replies":[{"embeddable":true,"href":"https:\/\/www.lesmaconsdelacreuse.fr\/annuaires\/wp-json\/wp\/v2\/comments?post=37737"}],"version-history":[{"count":3,"href":"https:\/\/www.lesmaconsdelacreuse.fr\/annuaires\/wp-json\/wp\/v2\/posts\/37737\/revisions"}],"predecessor-version":[{"id":199327,"href":"https:\/\/www.lesmaconsdelacreuse.fr\/annuaires\/wp-json\/wp\/v2\/posts\/37737\/revisions\/199327"}],"wp:attachment":[{"href":"https:\/\/www.lesmaconsdelacreuse.fr\/annuaires\/wp-json\/wp\/v2\/media?parent=37737"}],"wp:term":[{"taxonomy":"category","embeddable":true,"href":"https:\/\/www.lesmaconsdelacreuse.fr\/annuaires\/wp-json\/wp\/v2\/categories?post=37737"},{"taxonomy":"post_tag","embeddable":true,"href":"https:\/\/www.lesmaconsdelacreuse.fr\/annuaires\/wp-json\/wp\/v2\/tags?post=37737"}],"curies":[{"name":"wp","href":"https:\/\/api.w.org\/{rel}","templated":true}]}}