{"id":37742,"date":"2019-08-04T17:22:41","date_gmt":"2019-08-04T15:22:41","guid":{"rendered":"http:\/\/lesmaconsdelacreuse.fr\/annuaire\/?p=37742"},"modified":"2020-02-11T12:18:10","modified_gmt":"2020-02-11T11:18:10","slug":"m_94","status":"publish","type":"post","link":"https:\/\/www.lesmaconsdelacreuse.fr\/annuaires\/lettre-m\/m_94\/","title":{"rendered":"MARCILLAC L\u00e9onard Fr\u00e9d\u00e9ric (1834-1878)"},"content":{"rendered":"<p class=\"last-updated\"><strong>Mis \u00e0 jour le :<\/strong> 27\/04\/2026<\/p><h2 style=\"text-align: center;\"><strong>L\u00e9onard Fr\u00e9d\u00e9ric MARCILLAC<\/strong><\/h2>\n<p style=\"text-align: center;\"><strong>1834 &#8211; 1878<\/strong><\/p>\n<p style=\"text-align: center;\"><img decoding=\"async\" title=\"\" src=\"https:\/\/lesmaconsdelacreuse.fr\/annuaire\/wp-content\/uploads\/2019\/08\/image1-1295.jpg\" alt=\"\" data-asset-id=\"37741\" data-source-id=\"i.0\" \/><\/p>\n<h4 style=\"text-align: center;\"><span style=\"color: #008000;\"><strong>ma\u00e7on<\/strong><\/span><\/h4>\n<p style=\"text-align: center;\">n\u00e9 \u00e0 La Faye, (Saint-Pardoux-Lavaud)<\/p>\n<p style=\"text-align: center;\">le 2 f\u00e9vrier 1834<\/p>\n<p style=\"text-align: center;\">fils de<\/p>\n<p style=\"text-align: center;\">Jacques MARCILLAC \/ L\u00e9onarde LEROUSSEAU<\/p>\n<p style=\"text-align: center;\">cultivateurs<\/p>\n<p style=\"text-align: center;\"><span style=\"color: #ffffff;\">\u25d9<\/span><\/p>\n<p><strong>En 1869<\/strong><em><strong>,<\/strong> L\u00e9onard travaille \u00e0 <\/em><span style=\"color: #0000ff;\"><strong>Lyon (69)<\/strong><\/span><em> et loge 6, rue Saint-Paul.<\/em><\/p>\n<p><em>Il \u00e9pouse le 16 janvier de la m\u00eame ann\u00e9e \u00e0 Lyon 5e P\u00e9ronne <\/em><strong>DUCRET<\/strong><em>, n\u00e9e en Haute-Savoie (mari\u00e9s sans contrat). <\/em><\/p>\n<p><em>Il d\u00e9c\u00e8de de phtisie \u00e0 \u25ba<a target=\"_blank\"href=\"https:\/\/www.lesmaconsdelacreuse.fr\/annuaires\/\/wp-content\/uploads\/PHOTOS_-_CARTES_POSTALES\/LYON_-_Hopital_de_lHotel-Dieu.jpg\">l\u2019H\u00f4tel-Dieu<\/a> de Lyon le 28 mai <\/em><strong>1878<\/strong><em>, \u00e2g\u00e9 de 44 ans, habitant 9, rue Saint-Paul.<\/em><\/p>\n","protected":false},"excerpt":{"rendered":"<p>Mis \u00e0 jour le : 27\/04\/2026L\u00e9onard Fr\u00e9d\u00e9ric MARCILLAC 1834 &#8211; 1878 ma\u00e7on n\u00e9 \u00e0 La Faye, (Saint-Pardoux-Lavaud) le 2 f\u00e9vrier 1834 fils de Jacques MARCILLAC \/ L\u00e9onarde LEROUSSEAU cultivateurs \u25d9 En 1869, L\u00e9onard travaille \u00e0 Lyon (69) et loge 6, rue Saint-Paul. Il \u00e9pouse le 16 janvier de la m\u00eame ann\u00e9e \u00e0 Lyon 5e P\u00e9ronne ..<\/p>\n<div class=\"clear-fix\"><\/div>\n<p><a href=\"https:\/\/www.lesmaconsdelacreuse.fr\/annuaires\/lettre-m\/m_94\/\" title=\"Lire la suite...\">Lire la suite<\/a><\/p>\n","protected":false},"author":2,"featured_media":0,"comment_status":"closed","ping_status":"closed","sticky":false,"template":"","format":"standard","meta":{"_acf_changed":false,"_exactmetrics_skip_tracking":false,"_exactmetrics_sitenote_active":false,"_exactmetrics_sitenote_note":"","_exactmetrics_sitenote_category":0,"footnotes":""},"categories":[14],"tags":[],"class_list":["post-37742","post","type-post","status-publish","format-standard","hentry","category-lettre-m"],"acf":[],"_links":{"self":[{"href":"https:\/\/www.lesmaconsdelacreuse.fr\/annuaires\/wp-json\/wp\/v2\/posts\/37742","targetHints":{"allow":["GET"]}}],"collection":[{"href":"https:\/\/www.lesmaconsdelacreuse.fr\/annuaires\/wp-json\/wp\/v2\/posts"}],"about":[{"href":"https:\/\/www.lesmaconsdelacreuse.fr\/annuaires\/wp-json\/wp\/v2\/types\/post"}],"author":[{"embeddable":true,"href":"https:\/\/www.lesmaconsdelacreuse.fr\/annuaires\/wp-json\/wp\/v2\/users\/2"}],"replies":[{"embeddable":true,"href":"https:\/\/www.lesmaconsdelacreuse.fr\/annuaires\/wp-json\/wp\/v2\/comments?post=37742"}],"version-history":[{"count":0,"href":"https:\/\/www.lesmaconsdelacreuse.fr\/annuaires\/wp-json\/wp\/v2\/posts\/37742\/revisions"}],"wp:attachment":[{"href":"https:\/\/www.lesmaconsdelacreuse.fr\/annuaires\/wp-json\/wp\/v2\/media?parent=37742"}],"wp:term":[{"taxonomy":"category","embeddable":true,"href":"https:\/\/www.lesmaconsdelacreuse.fr\/annuaires\/wp-json\/wp\/v2\/categories?post=37742"},{"taxonomy":"post_tag","embeddable":true,"href":"https:\/\/www.lesmaconsdelacreuse.fr\/annuaires\/wp-json\/wp\/v2\/tags?post=37742"}],"curies":[{"name":"wp","href":"https:\/\/api.w.org\/{rel}","templated":true}]}}