{"id":37744,"date":"2019-08-04T17:22:41","date_gmt":"2019-08-04T15:22:41","guid":{"rendered":"http:\/\/lesmaconsdelacreuse.fr\/annuaire\/?p=37744"},"modified":"2020-01-20T11:07:43","modified_gmt":"2020-01-20T10:07:43","slug":"m_37","status":"publish","type":"post","link":"https:\/\/www.lesmaconsdelacreuse.fr\/annuaires\/lettre-m\/m_37\/","title":{"rendered":"MALEDENT Joseph (1751-1787)"},"content":{"rendered":"<p class=\"last-updated\"><strong>Mis \u00e0 jour le :<\/strong> 27\/04\/2026<\/p><h2 style=\"text-align: center;\"><strong>Joseph MALEDENT<\/strong><\/h2>\n<p style=\"text-align: center;\"><strong>Joseph LEPETIT<\/strong><\/p>\n<p style=\"text-align: center;\"><strong>1751 &#8211; 1787<\/strong><\/p>\n<p style=\"text-align: center;\"><img decoding=\"async\" title=\"\" src=\"https:\/\/lesmaconsdelacreuse.fr\/annuaire\/wp-content\/uploads\/2019\/08\/image1-1296.jpg\" alt=\"\" data-asset-id=\"37743\" data-source-id=\"i.0\" \/><\/p>\n<h4 style=\"text-align: center;\"><strong><span style=\"color: #008000;\">ma\u00e7on<\/span> <\/strong><span style=\"color: #008000;\">et<strong> cultivateur<\/strong><\/span><\/h4>\n<p style=\"text-align: center;\">n\u00e9 \u00e0 Jeansanetas (Roy\u00e8re)<\/p>\n<p style=\"text-align: center;\">le 25 d\u00e9cembre 1751<\/p>\n<p style=\"text-align: center;\">fils de<\/p>\n<p style=\"text-align: center;\">Gabriel MALEDENT, <span style=\"color: #008000;\"><strong>ma\u00e7on <\/strong><\/span><strong>\/ <\/strong>Marguerite CHINCOUT<\/p>\n<p style=\"text-align: center;\">laboureurs<\/p>\n<p style=\"text-align: center;\"><span style=\"color: #ffffff;\">\u25d9<\/span><\/p>\n<p><em>Joseph \u00e9pouse Jeanne <\/em><strong>CANQUE<\/strong><em> le 5 f\u00e9vrier <\/em><strong>1770<\/strong> <em>\u00e0 Gentioux (contrat Coutisson).<\/em><\/p>\n<p><em> Jeanne d\u00e9c\u00e8de \u00e0 Jeansanetas le 3 septembre <\/em><strong>1773<\/strong><em>, \u00e2g\u00e9e de 21 ans.<\/em><\/p>\n<p><em> Joseph se remarie le 9 f\u00e9vrier <\/em><strong>1774<\/strong><em> \u00e0 La Nouaille avec L\u00e9onarde <\/em><strong>LEMASSON<\/strong><em>. Ils habitent aussi Jeansanetas.<\/em><\/p>\n<p><em> L\u00e9onarde y d\u00e9c\u00e8de le 29 ao\u00fbt <\/em><strong>1782<\/strong><em>, \u00e2g\u00e9e de 35 ans environ. <\/em><\/p>\n<p><em>Joseph se marie en troisi\u00e8mes noces le 6 f\u00e9vrier <\/em><strong>1783<\/strong><em> \u00e0 Roy\u00e8re avec L\u00e9onarde <\/em><strong>DUBAYLE<\/strong><em> (contrat Coutisson). Ils vivent aussi \u00e0 Jeansanetas.<\/em><\/p>\n<p><em>Ils y d\u00e9c\u00e8dent\u00a0:<\/em><\/p>\n<p><em>\u2022\u00a0 Joseph, le 23 novembre <\/em><strong>1787<\/strong><em>, \u00e2g\u00e9 de 35 ans<\/em><\/p>\n<p><em>\u2022\u00a0 L\u00e9onarde, le 26 juin <\/em><strong>1819<\/strong><em>, \u00e2g\u00e9e de 73 ans <\/em><\/p>\n<p>&nbsp;<\/p>\n","protected":false},"excerpt":{"rendered":"<p>Mis \u00e0 jour le : 27\/04\/2026Joseph MALEDENT Joseph LEPETIT 1751 &#8211; 1787 ma\u00e7on et cultivateur n\u00e9 \u00e0 Jeansanetas (Roy\u00e8re) le 25 d\u00e9cembre 1751 fils de Gabriel MALEDENT, ma\u00e7on \/ Marguerite CHINCOUT laboureurs \u25d9 Joseph \u00e9pouse Jeanne CANQUE le 5 f\u00e9vrier 1770 \u00e0 Gentioux (contrat Coutisson). Jeanne d\u00e9c\u00e8de \u00e0 Jeansanetas le 3 septembre 1773, \u00e2g\u00e9e de ..<\/p>\n<div class=\"clear-fix\"><\/div>\n<p><a href=\"https:\/\/www.lesmaconsdelacreuse.fr\/annuaires\/lettre-m\/m_37\/\" title=\"Lire la suite...\">Lire la suite<\/a><\/p>\n","protected":false},"author":2,"featured_media":0,"comment_status":"closed","ping_status":"closed","sticky":false,"template":"","format":"standard","meta":{"_acf_changed":false,"_exactmetrics_skip_tracking":false,"_exactmetrics_sitenote_active":false,"_exactmetrics_sitenote_note":"","_exactmetrics_sitenote_category":0,"footnotes":""},"categories":[14],"tags":[],"class_list":["post-37744","post","type-post","status-publish","format-standard","hentry","category-lettre-m"],"acf":[],"_links":{"self":[{"href":"https:\/\/www.lesmaconsdelacreuse.fr\/annuaires\/wp-json\/wp\/v2\/posts\/37744","targetHints":{"allow":["GET"]}}],"collection":[{"href":"https:\/\/www.lesmaconsdelacreuse.fr\/annuaires\/wp-json\/wp\/v2\/posts"}],"about":[{"href":"https:\/\/www.lesmaconsdelacreuse.fr\/annuaires\/wp-json\/wp\/v2\/types\/post"}],"author":[{"embeddable":true,"href":"https:\/\/www.lesmaconsdelacreuse.fr\/annuaires\/wp-json\/wp\/v2\/users\/2"}],"replies":[{"embeddable":true,"href":"https:\/\/www.lesmaconsdelacreuse.fr\/annuaires\/wp-json\/wp\/v2\/comments?post=37744"}],"version-history":[{"count":0,"href":"https:\/\/www.lesmaconsdelacreuse.fr\/annuaires\/wp-json\/wp\/v2\/posts\/37744\/revisions"}],"wp:attachment":[{"href":"https:\/\/www.lesmaconsdelacreuse.fr\/annuaires\/wp-json\/wp\/v2\/media?parent=37744"}],"wp:term":[{"taxonomy":"category","embeddable":true,"href":"https:\/\/www.lesmaconsdelacreuse.fr\/annuaires\/wp-json\/wp\/v2\/categories?post=37744"},{"taxonomy":"post_tag","embeddable":true,"href":"https:\/\/www.lesmaconsdelacreuse.fr\/annuaires\/wp-json\/wp\/v2\/tags?post=37744"}],"curies":[{"name":"wp","href":"https:\/\/api.w.org\/{rel}","templated":true}]}}