{"id":37753,"date":"2019-08-04T17:22:41","date_gmt":"2019-08-04T15:22:41","guid":{"rendered":"http:\/\/lesmaconsdelacreuse.fr\/annuaire\/?p=37753"},"modified":"2020-01-20T11:07:43","modified_gmt":"2020-01-20T10:07:43","slug":"m_84","status":"publish","type":"post","link":"https:\/\/www.lesmaconsdelacreuse.fr\/annuaires\/lettre-m\/m_84\/","title":{"rendered":"MARCHEIX Gabriel (1777-1801)"},"content":{"rendered":"<p class=\"last-updated\"><strong>Mis \u00e0 jour le :<\/strong> 27\/04\/2026<\/p><h2 style=\"text-align: center;\"><strong>Gabriel MARCHEIX<\/strong><\/h2>\n<p style=\"text-align: center;\"><strong>1777 &#8211; 1801<\/strong><\/p>\n<p style=\"text-align: center;\"><img decoding=\"async\" title=\"\" src=\"https:\/\/lesmaconsdelacreuse.fr\/annuaire\/wp-content\/uploads\/2019\/08\/image1-1299.jpg\" alt=\"\" data-asset-id=\"37751\" data-source-id=\"i.0\" \/><\/p>\n<h4 style=\"text-align: center;\"><strong><span style=\"color: #008000;\">ma\u00e7on<\/span> <\/strong><span style=\"color: #008000;\">et<strong> cultivateur<\/strong><\/span><\/h4>\n<p style=\"text-align: center;\">n\u00e9 \u00e0 Bessat (Saint-Yriex-la-Montagne)<\/p>\n<p style=\"text-align: center;\">le 26 septembre 1777<\/p>\n<p style=\"text-align: center;\">fils de<\/p>\n<p style=\"text-align: center;\">Arnaud MARCHEIX, <span style=\"color: #008000;\"><strong>ma\u00e7on <\/strong><\/span><strong>\/ <\/strong>Catherine LECLERC<\/p>\n<p style=\"text-align: center;\"><span style=\"color: #ffffff;\">\u25d9<\/span><\/p>\n<p><em>Gabriel \u00e9pouse Marie <\/em><strong>LARBANEIX <\/strong><em>le 15 pluvi\u00f4se an VII (3 f\u00e9vrier <\/em><strong>1799<\/strong><em>) \u00e0 Roy\u00e8re (contrat Lepetit au Monteil-au-Vicomte).<\/em><\/p>\n<p><em> Ils habitent La Villatte, commune de Saint-Pierre-le-Bost.<\/em><\/p>\n<p><em>Gabriel y d\u00e9c\u00e8de le 23 germinal an IX (13 avril <\/em><strong>1801<\/strong><em>), \u00e2g\u00e9 de 23 ans. <\/em><\/p>\n<p><em>Sa veuve se remarie en 1805 avec Andr\u00e9 LARBANEIX, ma\u00e7on.<\/em><\/p>\n","protected":false},"excerpt":{"rendered":"<p>Mis \u00e0 jour le : 27\/04\/2026Gabriel MARCHEIX 1777 &#8211; 1801 ma\u00e7on et cultivateur n\u00e9 \u00e0 Bessat (Saint-Yriex-la-Montagne) le 26 septembre 1777 fils de Arnaud MARCHEIX, ma\u00e7on \/ Catherine LECLERC \u25d9 Gabriel \u00e9pouse Marie LARBANEIX le 15 pluvi\u00f4se an VII (3 f\u00e9vrier 1799) \u00e0 Roy\u00e8re (contrat Lepetit au Monteil-au-Vicomte). Ils habitent La Villatte, commune de Saint-Pierre-le-Bost. ..<\/p>\n<div class=\"clear-fix\"><\/div>\n<p><a href=\"https:\/\/www.lesmaconsdelacreuse.fr\/annuaires\/lettre-m\/m_84\/\" title=\"Lire la suite...\">Lire la suite<\/a><\/p>\n","protected":false},"author":2,"featured_media":0,"comment_status":"closed","ping_status":"closed","sticky":false,"template":"","format":"standard","meta":{"_acf_changed":false,"_exactmetrics_skip_tracking":false,"_exactmetrics_sitenote_active":false,"_exactmetrics_sitenote_note":"","_exactmetrics_sitenote_category":0,"footnotes":""},"categories":[14],"tags":[],"class_list":["post-37753","post","type-post","status-publish","format-standard","hentry","category-lettre-m"],"acf":[],"_links":{"self":[{"href":"https:\/\/www.lesmaconsdelacreuse.fr\/annuaires\/wp-json\/wp\/v2\/posts\/37753","targetHints":{"allow":["GET"]}}],"collection":[{"href":"https:\/\/www.lesmaconsdelacreuse.fr\/annuaires\/wp-json\/wp\/v2\/posts"}],"about":[{"href":"https:\/\/www.lesmaconsdelacreuse.fr\/annuaires\/wp-json\/wp\/v2\/types\/post"}],"author":[{"embeddable":true,"href":"https:\/\/www.lesmaconsdelacreuse.fr\/annuaires\/wp-json\/wp\/v2\/users\/2"}],"replies":[{"embeddable":true,"href":"https:\/\/www.lesmaconsdelacreuse.fr\/annuaires\/wp-json\/wp\/v2\/comments?post=37753"}],"version-history":[{"count":0,"href":"https:\/\/www.lesmaconsdelacreuse.fr\/annuaires\/wp-json\/wp\/v2\/posts\/37753\/revisions"}],"wp:attachment":[{"href":"https:\/\/www.lesmaconsdelacreuse.fr\/annuaires\/wp-json\/wp\/v2\/media?parent=37753"}],"wp:term":[{"taxonomy":"category","embeddable":true,"href":"https:\/\/www.lesmaconsdelacreuse.fr\/annuaires\/wp-json\/wp\/v2\/categories?post=37753"},{"taxonomy":"post_tag","embeddable":true,"href":"https:\/\/www.lesmaconsdelacreuse.fr\/annuaires\/wp-json\/wp\/v2\/tags?post=37753"}],"curies":[{"name":"wp","href":"https:\/\/api.w.org\/{rel}","templated":true}]}}