{"id":37754,"date":"2019-08-04T17:22:41","date_gmt":"2019-08-04T15:22:41","guid":{"rendered":"http:\/\/lesmaconsdelacreuse.fr\/annuaire\/?p=37754"},"modified":"2022-12-13T14:22:09","modified_gmt":"2022-12-13T13:22:09","slug":"m_54","status":"publish","type":"post","link":"https:\/\/www.lesmaconsdelacreuse.fr\/annuaires\/lettre-m\/m_54\/","title":{"rendered":"MANAUD  Fran\u00e7ois (vers 1636-1679)"},"content":{"rendered":"<p class=\"last-updated\"><strong>Mis \u00e0 jour le :<\/strong> 27\/04\/2026<\/p><h2 style=\"text-align: center;\"><strong>Fran\u00e7ois MANAUD<\/strong><\/h2>\n<p style=\"text-align: center;\"><strong>Fran\u00e7ois MANAUD le jeune \/ <\/strong><strong>Fran\u00e7ois de Chassagnas<\/strong><\/p>\n<p style=\"text-align: center;\"><strong>vers 1636 &#8211; 1679<\/strong><\/p>\n<p style=\"text-align: center;\"><img decoding=\"async\" title=\"\" src=\"https:\/\/lesmaconsdelacreuse.fr\/annuaire\/wp-content\/uploads\/2019\/08\/image1-1300.jpg\" alt=\"\" data-asset-id=\"37752\" data-source-id=\"i.0\" \/><\/p>\n<h4 style=\"text-align: center;\"><span style=\"color: #008000;\"><strong>ma\u00e7on <\/strong>et<strong> laboureur<\/strong><\/span><\/h4>\n<p style=\"text-align: center;\">n\u00e9 \u00e0 Chassagnas (Roy\u00e8re)\u00a0?<\/p>\n<p style=\"text-align: center;\">vers 1636<\/p>\n<p style=\"text-align: center;\">fils de<\/p>\n<p style=\"text-align: center;\">Michel MANAUD \/ Jeanne de ROCHAS<\/p>\n<p style=\"text-align: center;\"><span style=\"color: #ffffff;\">\u25d9<\/span><\/p>\n<p><em>Fran\u00e7ois \u00e9pouse Catherine <\/em><strong>MEAUME<\/strong><em> le 19 f\u00e9vrier <\/em><strong>1651 <\/strong><em>\u00e0 Roy\u00e8re. <\/em><\/p>\n<p><em>Ils vivent au village de Chassagnas.<\/em><\/p>\n<p><em>Fran\u00e7ois y d\u00e9c\u00e8de le 3 f\u00e9vrier <\/em><strong>1679<\/strong><em>, \u00e2g\u00e9 d\u2019environ 43 ans.<\/em><\/p>\n<p>S17<\/p>\n","protected":false},"excerpt":{"rendered":"<p>Mis \u00e0 jour le : 27\/04\/2026Fran\u00e7ois MANAUD Fran\u00e7ois MANAUD le jeune \/ Fran\u00e7ois de Chassagnas vers 1636 &#8211; 1679 ma\u00e7on et laboureur n\u00e9 \u00e0 Chassagnas (Roy\u00e8re)\u00a0? vers 1636 fils de Michel MANAUD \/ Jeanne de ROCHAS \u25d9 Fran\u00e7ois \u00e9pouse Catherine MEAUME le 19 f\u00e9vrier 1651 \u00e0 Roy\u00e8re. Ils vivent au village de Chassagnas. Fran\u00e7ois y ..<\/p>\n<div class=\"clear-fix\"><\/div>\n<p><a href=\"https:\/\/www.lesmaconsdelacreuse.fr\/annuaires\/lettre-m\/m_54\/\" title=\"Lire la suite...\">Lire la suite<\/a><\/p>\n","protected":false},"author":2,"featured_media":0,"comment_status":"closed","ping_status":"closed","sticky":false,"template":"","format":"standard","meta":{"_acf_changed":false,"_exactmetrics_skip_tracking":false,"_exactmetrics_sitenote_active":false,"_exactmetrics_sitenote_note":"","_exactmetrics_sitenote_category":0,"footnotes":""},"categories":[14],"tags":[],"class_list":["post-37754","post","type-post","status-publish","format-standard","hentry","category-lettre-m"],"acf":[],"_links":{"self":[{"href":"https:\/\/www.lesmaconsdelacreuse.fr\/annuaires\/wp-json\/wp\/v2\/posts\/37754","targetHints":{"allow":["GET"]}}],"collection":[{"href":"https:\/\/www.lesmaconsdelacreuse.fr\/annuaires\/wp-json\/wp\/v2\/posts"}],"about":[{"href":"https:\/\/www.lesmaconsdelacreuse.fr\/annuaires\/wp-json\/wp\/v2\/types\/post"}],"author":[{"embeddable":true,"href":"https:\/\/www.lesmaconsdelacreuse.fr\/annuaires\/wp-json\/wp\/v2\/users\/2"}],"replies":[{"embeddable":true,"href":"https:\/\/www.lesmaconsdelacreuse.fr\/annuaires\/wp-json\/wp\/v2\/comments?post=37754"}],"version-history":[{"count":1,"href":"https:\/\/www.lesmaconsdelacreuse.fr\/annuaires\/wp-json\/wp\/v2\/posts\/37754\/revisions"}],"predecessor-version":[{"id":202990,"href":"https:\/\/www.lesmaconsdelacreuse.fr\/annuaires\/wp-json\/wp\/v2\/posts\/37754\/revisions\/202990"}],"wp:attachment":[{"href":"https:\/\/www.lesmaconsdelacreuse.fr\/annuaires\/wp-json\/wp\/v2\/media?parent=37754"}],"wp:term":[{"taxonomy":"category","embeddable":true,"href":"https:\/\/www.lesmaconsdelacreuse.fr\/annuaires\/wp-json\/wp\/v2\/categories?post=37754"},{"taxonomy":"post_tag","embeddable":true,"href":"https:\/\/www.lesmaconsdelacreuse.fr\/annuaires\/wp-json\/wp\/v2\/tags?post=37754"}],"curies":[{"name":"wp","href":"https:\/\/api.w.org\/{rel}","templated":true}]}}