{"id":37758,"date":"2019-08-04T17:22:42","date_gmt":"2019-08-04T15:22:42","guid":{"rendered":"http:\/\/lesmaconsdelacreuse.fr\/annuaire\/?p=37758"},"modified":"2020-10-03T14:16:13","modified_gmt":"2020-10-03T12:16:13","slug":"m_42","status":"publish","type":"post","link":"https:\/\/www.lesmaconsdelacreuse.fr\/annuaires\/lettre-m\/m_42\/","title":{"rendered":"MALDENT Pierre (1839-1897)"},"content":{"rendered":"<p class=\"last-updated\"><strong>Mis \u00e0 jour le :<\/strong> 27\/04\/2026<\/p><h2 style=\"text-align: center;\"><strong>Pierre MALDENT<\/strong><\/h2>\n<p style=\"text-align: center;\"><strong>1839 &#8211; 1897<\/strong><\/p>\n<p style=\"text-align: center;\"><img decoding=\"async\" title=\"\" src=\"https:\/\/lesmaconsdelacreuse.fr\/annuaire\/wp-content\/uploads\/2019\/08\/image1-1301.jpg\" alt=\"\" data-asset-id=\"37757\" data-source-id=\"i.0\" \/><\/p>\n<h4 style=\"text-align: center;\"><span style=\"color: #008000;\"><strong>ma\u00e7on<\/strong> et<\/span>\u00a0<strong>\u25ba<span style=\"color: #008000;\"><a style=\"color: #008000;\" href=\"https:\/\/www.lesmaconsdelacreuse.fr\/annuaires\/wp-content\/uploads\/2019\/08\/SCIEUR-DE-PIERRE.png\" target=\"_blank\" rel=\"noopener noreferrer\">scieur de pierre<\/a><\/span><\/strong><\/h4>\n<p>&nbsp;<\/p>\n<p style=\"text-align: center;\">n\u00e9 \u00e0 Pramy (Saint-Pierre-le-Bost)<\/p>\n<p style=\"text-align: center;\">le 19 janvier 1839<\/p>\n<p style=\"text-align: center;\">fils de<\/p>\n<p style=\"text-align: center;\">Jean MALDENT,<span style=\"color: #008000;\"><strong> ma\u00e7on <\/strong><\/span><strong>\/ <\/strong>L\u00e9onarde LARBANEIX<\/p>\n<p style=\"text-align: center;\">propri\u00e9taires cultivateurs<\/p>\n<p style=\"text-align: center;\"><span style=\"color: #ffffff;\">\u25d9<\/span><\/p>\n<p><em>Pierre \u00e9pouse Fran\u00e7oise <\/em><strong>FIALON<\/strong><em>, <a href=\"https:\/\/www.lesmaconsdelacreuse.fr\/annuaires\/wp-content\/uploads\/2019\/08\/MODISTE.png\" target=\"_blank\" rel=\"noopener noreferrer\">\u25bamodiste<\/a> en chapeaux, le 9 mars <\/em><strong>1863<\/strong><em> au Monteil-au-Vicomte (contrat Gloumeau). Ils habitent le bourg du Monteil. <\/em><\/p>\n<p><strong>En 1882<\/strong><em>, Pierre travaille \u00e0 <\/em><span style=\"color: #0000ff;\"><strong>Paris (75)<\/strong><\/span><em>, et loge 18, rue Le Regrattier, dans le 4e arrondissement.<\/em><\/p>\n<p><em>Les \u00e9poux d\u00e9c\u00e8dent au bourg du Monteil\u00a0:<\/em><\/p>\n<ul>\n<li><em>Pierre, le 16 mai <\/em><strong>1897<\/strong><em>, \u00e2g\u00e9 de 58 ans<\/em><\/li>\n<li><em>Fran\u00e7oise, le 7 f\u00e9vrier <\/em><strong>1902<\/strong><em>, \u00e2g\u00e9e de 62 ans<\/em><\/li>\n<\/ul>\n<p>&nbsp;<\/p>\n","protected":false},"excerpt":{"rendered":"<p>Mis \u00e0 jour le : 27\/04\/2026Pierre MALDENT 1839 &#8211; 1897 ma\u00e7on et\u00a0\u25bascieur de pierre &nbsp; n\u00e9 \u00e0 Pramy (Saint-Pierre-le-Bost) le 19 janvier 1839 fils de Jean MALDENT, ma\u00e7on \/ L\u00e9onarde LARBANEIX propri\u00e9taires cultivateurs \u25d9 Pierre \u00e9pouse Fran\u00e7oise FIALON, \u25bamodiste en chapeaux, le 9 mars 1863 au Monteil-au-Vicomte (contrat Gloumeau). Ils habitent le bourg du Monteil. ..<\/p>\n<div class=\"clear-fix\"><\/div>\n<p><a href=\"https:\/\/www.lesmaconsdelacreuse.fr\/annuaires\/lettre-m\/m_42\/\" title=\"Lire la suite...\">Lire la suite<\/a><\/p>\n","protected":false},"author":2,"featured_media":0,"comment_status":"closed","ping_status":"closed","sticky":false,"template":"","format":"standard","meta":{"_acf_changed":false,"_exactmetrics_skip_tracking":false,"_exactmetrics_sitenote_active":false,"_exactmetrics_sitenote_note":"","_exactmetrics_sitenote_category":0,"footnotes":""},"categories":[14],"tags":[],"class_list":["post-37758","post","type-post","status-publish","format-standard","hentry","category-lettre-m"],"acf":[],"_links":{"self":[{"href":"https:\/\/www.lesmaconsdelacreuse.fr\/annuaires\/wp-json\/wp\/v2\/posts\/37758","targetHints":{"allow":["GET"]}}],"collection":[{"href":"https:\/\/www.lesmaconsdelacreuse.fr\/annuaires\/wp-json\/wp\/v2\/posts"}],"about":[{"href":"https:\/\/www.lesmaconsdelacreuse.fr\/annuaires\/wp-json\/wp\/v2\/types\/post"}],"author":[{"embeddable":true,"href":"https:\/\/www.lesmaconsdelacreuse.fr\/annuaires\/wp-json\/wp\/v2\/users\/2"}],"replies":[{"embeddable":true,"href":"https:\/\/www.lesmaconsdelacreuse.fr\/annuaires\/wp-json\/wp\/v2\/comments?post=37758"}],"version-history":[{"count":0,"href":"https:\/\/www.lesmaconsdelacreuse.fr\/annuaires\/wp-json\/wp\/v2\/posts\/37758\/revisions"}],"wp:attachment":[{"href":"https:\/\/www.lesmaconsdelacreuse.fr\/annuaires\/wp-json\/wp\/v2\/media?parent=37758"}],"wp:term":[{"taxonomy":"category","embeddable":true,"href":"https:\/\/www.lesmaconsdelacreuse.fr\/annuaires\/wp-json\/wp\/v2\/categories?post=37758"},{"taxonomy":"post_tag","embeddable":true,"href":"https:\/\/www.lesmaconsdelacreuse.fr\/annuaires\/wp-json\/wp\/v2\/tags?post=37758"}],"curies":[{"name":"wp","href":"https:\/\/api.w.org\/{rel}","templated":true}]}}