{"id":37761,"date":"2019-08-04T17:22:42","date_gmt":"2019-08-04T15:22:42","guid":{"rendered":"http:\/\/lesmaconsdelacreuse.fr\/annuaire\/?p=37761"},"modified":"2020-01-20T11:07:42","modified_gmt":"2020-01-20T10:07:42","slug":"m_25","status":"publish","type":"post","link":"https:\/\/www.lesmaconsdelacreuse.fr\/annuaires\/lettre-m\/m_25\/","title":{"rendered":"MALEDENT Fran\u00e7ois (1794\u20131830)"},"content":{"rendered":"<p class=\"last-updated\"><strong>Mis \u00e0 jour le :<\/strong> 29\/04\/2026<\/p><h2 style=\"text-align: center;\"><strong>Fran\u00e7ois MALEDENT<\/strong><\/h2>\n<p style=\"text-align: center;\"><strong>1794 \u2013 1830<\/strong><\/p>\n<p style=\"text-align: center;\"><img decoding=\"async\" title=\"\" src=\"https:\/\/lesmaconsdelacreuse.fr\/annuaire\/wp-content\/uploads\/2019\/08\/image1-1302.jpg\" alt=\"\" data-asset-id=\"37759\" data-source-id=\"i.0\" \/><\/p>\n<h4 style=\"text-align: center;\"><span style=\"color: #008000;\"><strong>ma\u00e7on<\/strong><\/span><\/h4>\n<p style=\"text-align: center;\">n\u00e9 au Chiroux (Saint-Pierre-le-Bost)<\/p>\n<p style=\"text-align: center;\">le 23 ao\u00fbt 1794<\/p>\n<p style=\"text-align: center;\">fils de<\/p>\n<p style=\"text-align: center;\">Arnaud MALEDENT, <span style=\"color: #008000;\"><strong>ma\u00e7on <\/strong><\/span><strong>\/ <\/strong>Marie SAUVANAUD<\/p>\n<p style=\"text-align: center;\">laboureurs<\/p>\n<p style=\"text-align: center;\"><span style=\"color: #ffffff;\">\u25d9<\/span><\/p>\n<p><em>Fran\u00e7ois \u00e9pouse Marie <\/em><strong>LANDON<\/strong><em> le 22 avril <\/em><strong>1813<\/strong><em> \u00e0 Saint-Pierre (contrat Lepetit au Monteil-au-Vicomte). <\/em><\/p>\n<p><strong>En 1822<\/strong><em>, Fran\u00e7ois travaille \u00e0 <\/em><strong><span style=\"color: #0000ff;\">Lyon (69)<\/span>\u00a0<\/strong><em>;<\/em><\/p>\n<p><strong>en 1830<\/strong><em>, \u00e0 <\/em><span style=\"color: #0000ff;\"><strong>Francheville (69)<\/strong><\/span><em> logeant chez son fr\u00e8re Jean.<\/em><\/p>\n<p><em>Il d\u00e9c\u00e8de \u00e0 cette adresse le 19 septembre de la m\u00eame ann\u00e9e, \u00e2g\u00e9 de 36 ans.<\/em><\/p>\n<p><em>Sa veuve d\u00e9c\u00e8de au Chiroux le 23 avril <\/em>1852<em>, \u00e2g\u00e9e de 56 ans.<\/em><\/p>\n","protected":false},"excerpt":{"rendered":"<p>Mis \u00e0 jour le : 29\/04\/2026Fran\u00e7ois MALEDENT 1794 \u2013 1830 ma\u00e7on n\u00e9 au Chiroux (Saint-Pierre-le-Bost) le 23 ao\u00fbt 1794 fils de Arnaud MALEDENT, ma\u00e7on \/ Marie SAUVANAUD laboureurs \u25d9 Fran\u00e7ois \u00e9pouse Marie LANDON le 22 avril 1813 \u00e0 Saint-Pierre (contrat Lepetit au Monteil-au-Vicomte). En 1822, Fran\u00e7ois travaille \u00e0 Lyon (69)\u00a0; en 1830, \u00e0 Francheville (69) ..<\/p>\n<div class=\"clear-fix\"><\/div>\n<p><a href=\"https:\/\/www.lesmaconsdelacreuse.fr\/annuaires\/lettre-m\/m_25\/\" title=\"Lire la suite...\">Lire la suite<\/a><\/p>\n","protected":false},"author":2,"featured_media":0,"comment_status":"closed","ping_status":"closed","sticky":false,"template":"","format":"standard","meta":{"_acf_changed":false,"_exactmetrics_skip_tracking":false,"_exactmetrics_sitenote_active":false,"_exactmetrics_sitenote_note":"","_exactmetrics_sitenote_category":0,"footnotes":""},"categories":[14],"tags":[],"class_list":["post-37761","post","type-post","status-publish","format-standard","hentry","category-lettre-m"],"acf":[],"_links":{"self":[{"href":"https:\/\/www.lesmaconsdelacreuse.fr\/annuaires\/wp-json\/wp\/v2\/posts\/37761","targetHints":{"allow":["GET"]}}],"collection":[{"href":"https:\/\/www.lesmaconsdelacreuse.fr\/annuaires\/wp-json\/wp\/v2\/posts"}],"about":[{"href":"https:\/\/www.lesmaconsdelacreuse.fr\/annuaires\/wp-json\/wp\/v2\/types\/post"}],"author":[{"embeddable":true,"href":"https:\/\/www.lesmaconsdelacreuse.fr\/annuaires\/wp-json\/wp\/v2\/users\/2"}],"replies":[{"embeddable":true,"href":"https:\/\/www.lesmaconsdelacreuse.fr\/annuaires\/wp-json\/wp\/v2\/comments?post=37761"}],"version-history":[{"count":0,"href":"https:\/\/www.lesmaconsdelacreuse.fr\/annuaires\/wp-json\/wp\/v2\/posts\/37761\/revisions"}],"wp:attachment":[{"href":"https:\/\/www.lesmaconsdelacreuse.fr\/annuaires\/wp-json\/wp\/v2\/media?parent=37761"}],"wp:term":[{"taxonomy":"category","embeddable":true,"href":"https:\/\/www.lesmaconsdelacreuse.fr\/annuaires\/wp-json\/wp\/v2\/categories?post=37761"},{"taxonomy":"post_tag","embeddable":true,"href":"https:\/\/www.lesmaconsdelacreuse.fr\/annuaires\/wp-json\/wp\/v2\/tags?post=37761"}],"curies":[{"name":"wp","href":"https:\/\/api.w.org\/{rel}","templated":true}]}}