{"id":37765,"date":"2019-08-04T17:22:42","date_gmt":"2019-08-04T15:22:42","guid":{"rendered":"http:\/\/lesmaconsdelacreuse.fr\/annuaire\/?p=37765"},"modified":"2022-04-16T10:10:58","modified_gmt":"2022-04-16T08:10:58","slug":"m_40","status":"publish","type":"post","link":"https:\/\/www.lesmaconsdelacreuse.fr\/annuaires\/lettre-m\/m_40\/","title":{"rendered":"MALEDENT Louis L\u00e9onard (1836\u2013apr\u00e8s 1867)"},"content":{"rendered":"<p class=\"last-updated\"><strong>Mis \u00e0 jour le :<\/strong> 27\/04\/2026<\/p><h2 style=\"text-align: center;\"><strong>Louis L\u00e9onard MALEDENT<\/strong><\/h2>\n<p style=\"text-align: center;\"><strong>Louis MALEDENT<\/strong><\/p>\n<p style=\"text-align: center;\"><strong>1836 \u2013 apr\u00e8s 1867<\/strong><\/p>\n<p style=\"text-align: center;\"><img decoding=\"async\" title=\"\" src=\"https:\/\/lesmaconsdelacreuse.fr\/annuaire\/wp-content\/uploads\/2019\/08\/image1-1304.jpg\" alt=\"\" data-asset-id=\"37762\" data-source-id=\"i.0\" \/><\/p>\n<h4 style=\"text-align: center;\"><span style=\"color: #008000;\"><strong>ma\u00e7on<\/strong><\/span><\/h4>\n<p style=\"text-align: center;\">n\u00e9 \u00e0 Pramy (Saint-Pierre-le-Bost)<\/p>\n<p style=\"text-align: center;\">le 27 septembre 1836<\/p>\n<p style=\"text-align: center;\">fils de<\/p>\n<p style=\"text-align: center;\">Jean MALEDENT, <span style=\"color: #008000;\"><strong>ma\u00e7on <\/strong><\/span><strong>\/ <\/strong>L\u00e9onarde LARBANEIX<\/p>\n<p style=\"text-align: center;\">propri\u00e9taires cultivateurs<\/p>\n<p style=\"text-align: center;\"><span style=\"color: #ffffff;\">\u25d9<\/span><\/p>\n<p><strong>En 1857<\/strong>, <em>Louis est exempt\u00e9 de service militaire ayant un fr\u00e8re sous les drapeaux.<\/em><\/p>\n<p><strong>En 1862<\/strong><em>, il travaille \u00e0 <\/em><span style=\"color: #0000ff;\"><strong>Vaulx-en-Velin (69)<\/strong><\/span><em>.<\/em><\/p>\n<p><em> Il y \u00e9pouse Benoite <\/em><strong>GROS<\/strong><em> le 5 avril de la m\u00eame ann\u00e9e (contrat Lassalle \u00e0 Villeurbanne).<\/em><\/p>\n<p>En 1863<em>, ils sont \u00e0 <\/em><span style=\"color: #0000ff;\"><strong>\u00c9cully (69)<\/strong><\/span><em>\u00a0;<\/em><\/p>\n<p><em>\u00a0<\/em><em>Ils habitent ensuite Les Combes, commune de Vaulx.<\/em><\/p>\n","protected":false},"excerpt":{"rendered":"<p>Mis \u00e0 jour le : 27\/04\/2026Louis L\u00e9onard MALEDENT Louis MALEDENT 1836 \u2013 apr\u00e8s 1867 ma\u00e7on n\u00e9 \u00e0 Pramy (Saint-Pierre-le-Bost) le 27 septembre 1836 fils de Jean MALEDENT, ma\u00e7on \/ L\u00e9onarde LARBANEIX propri\u00e9taires cultivateurs \u25d9 En 1857, Louis est exempt\u00e9 de service militaire ayant un fr\u00e8re sous les drapeaux. En 1862, il travaille \u00e0 Vaulx-en-Velin (69). ..<\/p>\n<div class=\"clear-fix\"><\/div>\n<p><a href=\"https:\/\/www.lesmaconsdelacreuse.fr\/annuaires\/lettre-m\/m_40\/\" title=\"Lire la suite...\">Lire la suite<\/a><\/p>\n","protected":false},"author":2,"featured_media":0,"comment_status":"closed","ping_status":"closed","sticky":false,"template":"","format":"standard","meta":{"_acf_changed":false,"_exactmetrics_skip_tracking":false,"_exactmetrics_sitenote_active":false,"_exactmetrics_sitenote_note":"","_exactmetrics_sitenote_category":0,"footnotes":""},"categories":[14],"tags":[],"class_list":["post-37765","post","type-post","status-publish","format-standard","hentry","category-lettre-m"],"acf":[],"_links":{"self":[{"href":"https:\/\/www.lesmaconsdelacreuse.fr\/annuaires\/wp-json\/wp\/v2\/posts\/37765","targetHints":{"allow":["GET"]}}],"collection":[{"href":"https:\/\/www.lesmaconsdelacreuse.fr\/annuaires\/wp-json\/wp\/v2\/posts"}],"about":[{"href":"https:\/\/www.lesmaconsdelacreuse.fr\/annuaires\/wp-json\/wp\/v2\/types\/post"}],"author":[{"embeddable":true,"href":"https:\/\/www.lesmaconsdelacreuse.fr\/annuaires\/wp-json\/wp\/v2\/users\/2"}],"replies":[{"embeddable":true,"href":"https:\/\/www.lesmaconsdelacreuse.fr\/annuaires\/wp-json\/wp\/v2\/comments?post=37765"}],"version-history":[{"count":1,"href":"https:\/\/www.lesmaconsdelacreuse.fr\/annuaires\/wp-json\/wp\/v2\/posts\/37765\/revisions"}],"predecessor-version":[{"id":197755,"href":"https:\/\/www.lesmaconsdelacreuse.fr\/annuaires\/wp-json\/wp\/v2\/posts\/37765\/revisions\/197755"}],"wp:attachment":[{"href":"https:\/\/www.lesmaconsdelacreuse.fr\/annuaires\/wp-json\/wp\/v2\/media?parent=37765"}],"wp:term":[{"taxonomy":"category","embeddable":true,"href":"https:\/\/www.lesmaconsdelacreuse.fr\/annuaires\/wp-json\/wp\/v2\/categories?post=37765"},{"taxonomy":"post_tag","embeddable":true,"href":"https:\/\/www.lesmaconsdelacreuse.fr\/annuaires\/wp-json\/wp\/v2\/tags?post=37765"}],"curies":[{"name":"wp","href":"https:\/\/api.w.org\/{rel}","templated":true}]}}