{"id":37766,"date":"2019-08-04T17:22:42","date_gmt":"2019-08-04T15:22:42","guid":{"rendered":"http:\/\/lesmaconsdelacreuse.fr\/annuaire\/?p=37766"},"modified":"2020-01-20T11:07:42","modified_gmt":"2020-01-20T10:07:42","slug":"m_36","status":"publish","type":"post","link":"https:\/\/www.lesmaconsdelacreuse.fr\/annuaires\/lettre-m\/m_36\/","title":{"rendered":"MALEDENT Jean (1830-1916)"},"content":{"rendered":"<p class=\"last-updated\"><strong>Mis \u00e0 jour le :<\/strong> 27\/04\/2026<\/p><h2 style=\"text-align: center;\"><strong>Jean MALEDENT<\/strong><\/h2>\n<p style=\"text-align: center;\"><strong>1830 &#8211; 1916<\/strong><\/p>\n<p style=\"text-align: center;\"><img loading=\"lazy\" decoding=\"async\" class=\"\" title=\"\" src=\"https:\/\/lesmaconsdelacreuse.fr\/annuaire\/wp-content\/uploads\/2019\/08\/image1-1303.jpg\" alt=\"\" width=\"410\" height=\"147\" data-asset-id=\"37760\" data-source-id=\"i.0\" \/><\/p>\n<h4 style=\"text-align: center;\"><span style=\"color: #008000;\"><strong>ma\u00e7on<\/strong><\/span><\/h4>\n<p style=\"text-align: center;\">n\u00e9 au Chiroux (Saint-Pierre-le-Bost)<\/p>\n<p style=\"text-align: center;\">le 27 septembre 1830<\/p>\n<p style=\"text-align: center;\">fils de<\/p>\n<p style=\"text-align: center;\">Fran\u00e7ois MALEDENT, <span style=\"color: #008000;\"><strong>ma\u00e7on<\/strong><\/span><\/p>\n<p style=\"text-align: center;\">Marie LANDON, cultivatrice<\/p>\n<p style=\"text-align: center;\"><span style=\"color: #ffffff;\">\u25d9<\/span><\/p>\n<p><strong>En 1851<\/strong><em>, Jean travaille \u00e0 <\/em><span style=\"color: #0000ff;\"><strong>Paris (75)<\/strong><\/span><em> et y passe le conseil de r\u00e9vision. il loge rue des Jardins Saint-Paul. Il est dispens\u00e9 de service militaire comme fils a\u00een\u00e9 de veuve.<\/em><\/p>\n<p><strong>En 1858<\/strong><em>, il travaille encore \u00e0 Paris.<\/em><\/p>\n<p><em> Il \u00e9pouse Marie Victoire <\/em><strong>COMBREDET<\/strong><em> le 9 f\u00e9vrier <\/em><strong>1863<\/strong><em> \u00e0 Vidaillat (contrat Salmon \u00e0 Pontarion). Ils habitent d\u2019abord Vidaillat, puis Paris.<\/em><\/p>\n<p><em>Ils d\u00e9c\u00e8dent\u00a0 \u00e0 Vidaillat:<\/em><\/p>\n<ul>\n<li><em>Jean, le 5 mars <\/em><strong>1916<\/strong><em>, \u00e2g\u00e9 de 85 ans<\/em><\/li>\n<li><em>Marie, le 24 juin <\/em><strong>1921<\/strong><em>, \u00e2g\u00e9e de 77 ans<\/em><\/li>\n<\/ul>\n","protected":false},"excerpt":{"rendered":"<p>Mis \u00e0 jour le : 27\/04\/2026Jean MALEDENT 1830 &#8211; 1916 ma\u00e7on n\u00e9 au Chiroux (Saint-Pierre-le-Bost) le 27 septembre 1830 fils de Fran\u00e7ois MALEDENT, ma\u00e7on Marie LANDON, cultivatrice \u25d9 En 1851, Jean travaille \u00e0 Paris (75) et y passe le conseil de r\u00e9vision. il loge rue des Jardins Saint-Paul. Il est dispens\u00e9 de service militaire comme ..<\/p>\n<div class=\"clear-fix\"><\/div>\n<p><a href=\"https:\/\/www.lesmaconsdelacreuse.fr\/annuaires\/lettre-m\/m_36\/\" title=\"Lire la suite...\">Lire la suite<\/a><\/p>\n","protected":false},"author":2,"featured_media":0,"comment_status":"closed","ping_status":"closed","sticky":false,"template":"","format":"standard","meta":{"_acf_changed":false,"_exactmetrics_skip_tracking":false,"_exactmetrics_sitenote_active":false,"_exactmetrics_sitenote_note":"","_exactmetrics_sitenote_category":0,"footnotes":""},"categories":[14],"tags":[],"class_list":["post-37766","post","type-post","status-publish","format-standard","hentry","category-lettre-m"],"acf":[],"_links":{"self":[{"href":"https:\/\/www.lesmaconsdelacreuse.fr\/annuaires\/wp-json\/wp\/v2\/posts\/37766","targetHints":{"allow":["GET"]}}],"collection":[{"href":"https:\/\/www.lesmaconsdelacreuse.fr\/annuaires\/wp-json\/wp\/v2\/posts"}],"about":[{"href":"https:\/\/www.lesmaconsdelacreuse.fr\/annuaires\/wp-json\/wp\/v2\/types\/post"}],"author":[{"embeddable":true,"href":"https:\/\/www.lesmaconsdelacreuse.fr\/annuaires\/wp-json\/wp\/v2\/users\/2"}],"replies":[{"embeddable":true,"href":"https:\/\/www.lesmaconsdelacreuse.fr\/annuaires\/wp-json\/wp\/v2\/comments?post=37766"}],"version-history":[{"count":0,"href":"https:\/\/www.lesmaconsdelacreuse.fr\/annuaires\/wp-json\/wp\/v2\/posts\/37766\/revisions"}],"wp:attachment":[{"href":"https:\/\/www.lesmaconsdelacreuse.fr\/annuaires\/wp-json\/wp\/v2\/media?parent=37766"}],"wp:term":[{"taxonomy":"category","embeddable":true,"href":"https:\/\/www.lesmaconsdelacreuse.fr\/annuaires\/wp-json\/wp\/v2\/categories?post=37766"},{"taxonomy":"post_tag","embeddable":true,"href":"https:\/\/www.lesmaconsdelacreuse.fr\/annuaires\/wp-json\/wp\/v2\/tags?post=37766"}],"curies":[{"name":"wp","href":"https:\/\/api.w.org\/{rel}","templated":true}]}}