{"id":37768,"date":"2019-08-04T17:22:42","date_gmt":"2019-08-04T15:22:42","guid":{"rendered":"http:\/\/lesmaconsdelacreuse.fr\/annuaire\/?p=37768"},"modified":"2022-04-16T11:59:13","modified_gmt":"2022-04-16T09:59:13","slug":"m_80","status":"publish","type":"post","link":"https:\/\/www.lesmaconsdelacreuse.fr\/annuaires\/lettre-m\/m_80\/","title":{"rendered":"MARCELOT Antoine (1862-1937)"},"content":{"rendered":"<p class=\"last-updated\"><strong>Mis \u00e0 jour le :<\/strong> 29\/04\/2026<\/p><h2 style=\"text-align: center;\"><strong>Antoine MARCELOT<\/strong><\/h2>\n<p style=\"text-align: center;\"><strong>1862 &#8211; 1937<\/strong><\/p>\n<p style=\"text-align: center;\"><img decoding=\"async\" title=\"\" src=\"https:\/\/lesmaconsdelacreuse.fr\/annuaire\/wp-content\/uploads\/2019\/08\/image1-1306.jpg\" alt=\"\" data-asset-id=\"37764\" data-source-id=\"i.0\" \/><\/p>\n<h4 style=\"text-align: center;\"><span style=\"color: #008000;\"><strong>ma\u00e7on <\/strong>puis<strong> cantonnier<\/strong><\/span><\/h4>\n<p style=\"text-align: center;\">n\u00e9 \u00e0 Gerbeau (Bourganeuf)<\/p>\n<p style=\"text-align: center;\">le 15 mai 1862<\/p>\n<p style=\"text-align: center;\">fils de<\/p>\n<p style=\"text-align: center;\">\u00c9tienne MARCELOT \/ Jeanne LEGR\u00c9SY<\/p>\n<p style=\"text-align: center;\">cultivateurs<\/p>\n<p style=\"text-align: center;\"><span style=\"color: #ffffff;\">\u25d9<\/span><\/p>\n<p><em>Antoine, <\/em><strong><span style=\"color: #008000;\">ma\u00e7on<\/span>,<\/strong><em> \u00e9pouse Louise Jos\u00e9phine <\/em><strong>DUMY<\/strong><em> le 15 d\u00e9cembre <\/em><strong>1888<\/strong> <em>\u00e0 Saint-Pierre-le-Bost (mari\u00e9s sans contrat). Ils habitent d\u2019abord La Parade, m\u00eame commune. <\/em><\/p>\n<p><strong>En 1893<\/strong><em>, ils sont tous deux \u00e0 <\/em><span style=\"color: #0000ff;\"><strong>Paris (75) <i><\/i><\/strong><\/span><em>et habitent 13, rue Saint-M\u00e9dard, 5<sup>e<\/sup> arrondissement. Louise est fourreuse.<\/em><\/p>\n<p><strong>En 1900<\/strong><em>, Antoine est <\/em><span style=\"color: #008000;\"><strong>cantonnier<\/strong><\/span><em> \u00e0 Roy\u00e8re. <\/em><\/p>\n<p><em>Les \u00e9poux d\u00e9c\u00e8dent au bourg\u00a0:<\/em><\/p>\n<p><em>\u2022\u00a0 Antoine, le 8 juin <\/em><strong>1937<\/strong><em>, \u00e2g\u00e9 de 75 ans<\/em><\/p>\n<p><em>\u2022\u00a0 Jos\u00e9phine, le 15 f\u00e9vrier <\/em><strong>1952<\/strong><em><strong>,<\/strong> \u00e2g\u00e9e de 84 ans<\/em><\/p>\n","protected":false},"excerpt":{"rendered":"<p>Mis \u00e0 jour le : 29\/04\/2026Antoine MARCELOT 1862 &#8211; 1937 ma\u00e7on puis cantonnier n\u00e9 \u00e0 Gerbeau (Bourganeuf) le 15 mai 1862 fils de \u00c9tienne MARCELOT \/ Jeanne LEGR\u00c9SY cultivateurs \u25d9 Antoine, ma\u00e7on, \u00e9pouse Louise Jos\u00e9phine DUMY le 15 d\u00e9cembre 1888 \u00e0 Saint-Pierre-le-Bost (mari\u00e9s sans contrat). Ils habitent d\u2019abord La Parade, m\u00eame commune. En 1893, ils ..<\/p>\n<div class=\"clear-fix\"><\/div>\n<p><a href=\"https:\/\/www.lesmaconsdelacreuse.fr\/annuaires\/lettre-m\/m_80\/\" title=\"Lire la suite...\">Lire la suite<\/a><\/p>\n","protected":false},"author":2,"featured_media":0,"comment_status":"closed","ping_status":"closed","sticky":false,"template":"","format":"standard","meta":{"_acf_changed":false,"_exactmetrics_skip_tracking":false,"_exactmetrics_sitenote_active":false,"_exactmetrics_sitenote_note":"","_exactmetrics_sitenote_category":0,"footnotes":""},"categories":[14],"tags":[],"class_list":["post-37768","post","type-post","status-publish","format-standard","hentry","category-lettre-m"],"acf":[],"_links":{"self":[{"href":"https:\/\/www.lesmaconsdelacreuse.fr\/annuaires\/wp-json\/wp\/v2\/posts\/37768","targetHints":{"allow":["GET"]}}],"collection":[{"href":"https:\/\/www.lesmaconsdelacreuse.fr\/annuaires\/wp-json\/wp\/v2\/posts"}],"about":[{"href":"https:\/\/www.lesmaconsdelacreuse.fr\/annuaires\/wp-json\/wp\/v2\/types\/post"}],"author":[{"embeddable":true,"href":"https:\/\/www.lesmaconsdelacreuse.fr\/annuaires\/wp-json\/wp\/v2\/users\/2"}],"replies":[{"embeddable":true,"href":"https:\/\/www.lesmaconsdelacreuse.fr\/annuaires\/wp-json\/wp\/v2\/comments?post=37768"}],"version-history":[{"count":1,"href":"https:\/\/www.lesmaconsdelacreuse.fr\/annuaires\/wp-json\/wp\/v2\/posts\/37768\/revisions"}],"predecessor-version":[{"id":197759,"href":"https:\/\/www.lesmaconsdelacreuse.fr\/annuaires\/wp-json\/wp\/v2\/posts\/37768\/revisions\/197759"}],"wp:attachment":[{"href":"https:\/\/www.lesmaconsdelacreuse.fr\/annuaires\/wp-json\/wp\/v2\/media?parent=37768"}],"wp:term":[{"taxonomy":"category","embeddable":true,"href":"https:\/\/www.lesmaconsdelacreuse.fr\/annuaires\/wp-json\/wp\/v2\/categories?post=37768"},{"taxonomy":"post_tag","embeddable":true,"href":"https:\/\/www.lesmaconsdelacreuse.fr\/annuaires\/wp-json\/wp\/v2\/tags?post=37768"}],"curies":[{"name":"wp","href":"https:\/\/api.w.org\/{rel}","templated":true}]}}