{"id":37773,"date":"2019-08-04T17:22:42","date_gmt":"2019-08-04T15:22:42","guid":{"rendered":"http:\/\/lesmaconsdelacreuse.fr\/annuaire\/?p=37773"},"modified":"2020-02-11T12:18:12","modified_gmt":"2020-02-11T11:18:12","slug":"m_47","status":"publish","type":"post","link":"https:\/\/www.lesmaconsdelacreuse.fr\/annuaires\/lettre-m\/m_47\/","title":{"rendered":"MANANT   Blaise (1881\u2013avant 1965)"},"content":{"rendered":"<p class=\"last-updated\"><strong>Mis \u00e0 jour le :<\/strong> 27\/04\/2026<\/p><h2 style=\"text-align: center;\"><strong>Blaise MANANT<\/strong><\/h2>\n<p style=\"text-align: center;\"><strong>Charles MANANT<\/strong><\/p>\n<p style=\"text-align: center;\"><strong>1881 \u2013 avant 1965<\/strong><\/p>\n<p style=\"text-align: center;\"><img decoding=\"async\" title=\"\" src=\"https:\/\/lesmaconsdelacreuse.fr\/annuaire\/wp-content\/uploads\/2019\/08\/image1-1307.jpg\" alt=\"\" data-asset-id=\"37769\" data-source-id=\"i.0\" \/><\/p>\n<h4 style=\"text-align: center;\"><span style=\"color: #008000;\"><strong>ma\u00e7on<\/strong><\/span><\/h4>\n<p style=\"text-align: center;\">n\u00e9 \u00e0 Vauveix (Roy\u00e8re)<\/p>\n<p style=\"text-align: center;\">le 26 juin 1881<\/p>\n<p style=\"text-align: center;\">fils de<\/p>\n<p style=\"text-align: center;\">Auguste Fran\u00e7ois MANANT, tailleur d\u2019habits<\/p>\n<p style=\"text-align: center;\">Marie MARTIN<\/p>\n<p style=\"text-align: center;\"><span style=\"color: #ffffff;\">\u25d9<\/span><\/p>\n<p><strong>En 1902<\/strong><em>, Blaise travaille dans le <\/em><span style=\"color: #0000ff;\"><strong>Puy-de-D\u00f4me (63)<\/strong><\/span><em> et y passe le conseil de r\u00e9vision.<\/em><\/p>\n<p><strong>En 1908<\/strong><em>, il est <\/em><span style=\"color: #0000ff;\"><strong>Beynost (01)<\/strong><\/span><em>, puis \u00e0 <\/em><span style=\"color: #0000ff;\"><strong>Lyon (69)<\/strong><\/span><em>, 16, rue Villeroi\u00a0;<\/em><\/p>\n<p><strong>en 1909<\/strong><em>, \u00e0 <\/em><span style=\"color: #0000ff;\"><strong>Lanslebourg (73)<\/strong><\/span><em>, puis \u00e0 Lyon, 28, rue Villeroi\u00a0;<\/em><\/p>\n<p><strong>en 1911<\/strong><em>, toujours \u00e0 Lyon, 27, rue Moncey.<\/em><\/p>\n<p><em> Il \u00e9pouse Marceline Ad\u00e8le <\/em><strong>GONTRAN<\/strong><em>, native de Saint-Martin-Ch\u00e2teau, le 7 novembre de la m\u00eame ann\u00e9e \u00e0 Lyon 3e\u00a0 (mari\u00e9s sans contrat).<\/em><\/p>\n<p><strong>En 1912<\/strong><em>, les \u00e9poux habitent 89, rue Mazenod.<\/em><\/p>\n<p><strong>En 1965<\/strong><em>, Marceline est veuve, et habite \u00e0 l\u2019adresse de 1912. Elle d\u00e9c\u00e8de \u00e0 \u25ba<a target=\"_blank\"href=\"https:\/\/www.lesmaconsdelacreuse.fr\/annuaires\/\/wp-content\/uploads\/PHOTOS_-_CARTES_POSTALES\/LYON_-_Hopital_de_lHotel-Dieu.jpg\">l\u2019h\u00f4pital de Lyon 2<\/a><a target=\"_blank\"href=\"https:\/\/www.lesmaconsdelacreuse.fr\/annuaires\/\/wp-content\/uploads\/PHOTOS_-_CARTES_POSTALES\/LYON_-_Hopital_de_lHotel-Dieu.jpg\">e<\/a><a target=\"_blank\"href=\"https:\/\/www.lesmaconsdelacreuse.fr\/annuaires\/\/wp-content\/uploads\/PHOTOS_-_CARTES_POSTALES\/LYON_-_Hopital_de_lHotel-Dieu.jpg\">,<\/a> le 26 janvier de la m\u00eame ann\u00e9e, \u00e2g\u00e9e de 74 ans.<\/em><\/p>\n","protected":false},"excerpt":{"rendered":"<p>Mis \u00e0 jour le : 27\/04\/2026Blaise MANANT Charles MANANT 1881 \u2013 avant 1965 ma\u00e7on n\u00e9 \u00e0 Vauveix (Roy\u00e8re) le 26 juin 1881 fils de Auguste Fran\u00e7ois MANANT, tailleur d\u2019habits Marie MARTIN \u25d9 En 1902, Blaise travaille dans le Puy-de-D\u00f4me (63) et y passe le conseil de r\u00e9vision. En 1908, il est Beynost (01), puis \u00e0 ..<\/p>\n<div class=\"clear-fix\"><\/div>\n<p><a href=\"https:\/\/www.lesmaconsdelacreuse.fr\/annuaires\/lettre-m\/m_47\/\" title=\"Lire la suite...\">Lire la suite<\/a><\/p>\n","protected":false},"author":2,"featured_media":0,"comment_status":"closed","ping_status":"closed","sticky":false,"template":"","format":"standard","meta":{"_acf_changed":false,"_exactmetrics_skip_tracking":false,"_exactmetrics_sitenote_active":false,"_exactmetrics_sitenote_note":"","_exactmetrics_sitenote_category":0,"footnotes":""},"categories":[14],"tags":[],"class_list":["post-37773","post","type-post","status-publish","format-standard","hentry","category-lettre-m"],"acf":[],"_links":{"self":[{"href":"https:\/\/www.lesmaconsdelacreuse.fr\/annuaires\/wp-json\/wp\/v2\/posts\/37773","targetHints":{"allow":["GET"]}}],"collection":[{"href":"https:\/\/www.lesmaconsdelacreuse.fr\/annuaires\/wp-json\/wp\/v2\/posts"}],"about":[{"href":"https:\/\/www.lesmaconsdelacreuse.fr\/annuaires\/wp-json\/wp\/v2\/types\/post"}],"author":[{"embeddable":true,"href":"https:\/\/www.lesmaconsdelacreuse.fr\/annuaires\/wp-json\/wp\/v2\/users\/2"}],"replies":[{"embeddable":true,"href":"https:\/\/www.lesmaconsdelacreuse.fr\/annuaires\/wp-json\/wp\/v2\/comments?post=37773"}],"version-history":[{"count":0,"href":"https:\/\/www.lesmaconsdelacreuse.fr\/annuaires\/wp-json\/wp\/v2\/posts\/37773\/revisions"}],"wp:attachment":[{"href":"https:\/\/www.lesmaconsdelacreuse.fr\/annuaires\/wp-json\/wp\/v2\/media?parent=37773"}],"wp:term":[{"taxonomy":"category","embeddable":true,"href":"https:\/\/www.lesmaconsdelacreuse.fr\/annuaires\/wp-json\/wp\/v2\/categories?post=37773"},{"taxonomy":"post_tag","embeddable":true,"href":"https:\/\/www.lesmaconsdelacreuse.fr\/annuaires\/wp-json\/wp\/v2\/tags?post=37773"}],"curies":[{"name":"wp","href":"https:\/\/api.w.org\/{rel}","templated":true}]}}