{"id":37775,"date":"2019-08-04T17:22:42","date_gmt":"2019-08-04T15:22:42","guid":{"rendered":"http:\/\/lesmaconsdelacreuse.fr\/annuaire\/?p=37775"},"modified":"2020-10-05T09:26:26","modified_gmt":"2020-10-05T07:26:26","slug":"m_46","status":"publish","type":"post","link":"https:\/\/www.lesmaconsdelacreuse.fr\/annuaires\/lettre-m\/m_46\/","title":{"rendered":"MANANT Andr\u00e9 (1898-1977)"},"content":{"rendered":"<p class=\"last-updated\"><strong>Mis \u00e0 jour le :<\/strong> 27\/04\/2026<\/p><h2 style=\"text-align: center;\"><strong>Andr\u00e9 MANANT<\/strong><\/h2>\n<p style=\"text-align: center;\"><strong>1898 &#8211; 1977<\/strong><\/p>\n<p style=\"text-align: center;\"><img decoding=\"async\" title=\"\" src=\"https:\/\/lesmaconsdelacreuse.fr\/annuaire\/wp-content\/uploads\/2019\/08\/image1-1311.jpg\" alt=\"\" data-asset-id=\"37774\" data-source-id=\"i.0\" \/><\/p>\n<h4 style=\"text-align: center;\"><strong><a href=\"https:\/\/www.lesmaconsdelacreuse.fr\/annuaires\/wp-content\/uploads\/2020\/07\/TAILLEUR-DE-PIERRE.png\">\u25ba <span style=\"color: #008000;\">tailleur de pierre<\/span><\/a>\u00a0<\/strong><span style=\"color: #008000;\">et<strong> cultivateur<\/strong><\/span><\/h4>\n<p>&nbsp;<\/p>\n<p style=\"text-align: center;\">n\u00e9 au Mazet (Peyrat-le-Ch\u00e2teau &#8211; 87)<\/p>\n<p style=\"text-align: center;\">le 2 novembre 1898<\/p>\n<p style=\"text-align: center;\">fils de<\/p>\n<p style=\"text-align: center;\">Blaise MANANT \/ Marie VAL\u00c9RIAUD<\/p>\n<p style=\"text-align: center;\">cultivateurs<\/p>\n<p style=\"text-align: center;\"><span style=\"color: #ffffff;\">\u25d9<\/span><\/p>\n<p><em>Andr\u00e9 \u00e9pouse Maria <\/em><strong>CONDAT<\/strong><em> le 1er octobre <\/em><strong>1921<\/strong><em> \u00e0 Saint-Pierre-le-Bost.<\/em><\/p>\n<p><em>Ils habitent Le Compeix, m\u00eame commune.<\/em><\/p>\n<p><em>Ils d\u00e9c\u00e8dent\u00a0:<\/em><\/p>\n<ul>\n<li><em>Andr\u00e9, au Compeix, le 19 juin <\/em><strong>1977<\/strong><em>, \u00e2g\u00e9 de 78 ans<\/em><\/li>\n<li><em>Maria, \u00e0 Bourganeuf, le 6 novembre <\/em><strong>1983<\/strong><em>, \u00e2g\u00e9e de 85 ans<\/em><\/li>\n<\/ul>\n<p>&nbsp;<\/p>\n","protected":false},"excerpt":{"rendered":"<p>Mis \u00e0 jour le : 27\/04\/2026Andr\u00e9 MANANT 1898 &#8211; 1977 \u25ba tailleur de pierre\u00a0et cultivateur &nbsp; n\u00e9 au Mazet (Peyrat-le-Ch\u00e2teau &#8211; 87) le 2 novembre 1898 fils de Blaise MANANT \/ Marie VAL\u00c9RIAUD cultivateurs \u25d9 Andr\u00e9 \u00e9pouse Maria CONDAT le 1er octobre 1921 \u00e0 Saint-Pierre-le-Bost. Ils habitent Le Compeix, m\u00eame commune. Ils d\u00e9c\u00e8dent\u00a0: Andr\u00e9, au ..<\/p>\n<div class=\"clear-fix\"><\/div>\n<p><a href=\"https:\/\/www.lesmaconsdelacreuse.fr\/annuaires\/lettre-m\/m_46\/\" title=\"Lire la suite...\">Lire la suite<\/a><\/p>\n","protected":false},"author":2,"featured_media":0,"comment_status":"closed","ping_status":"closed","sticky":false,"template":"","format":"standard","meta":{"_acf_changed":false,"_exactmetrics_skip_tracking":false,"_exactmetrics_sitenote_active":false,"_exactmetrics_sitenote_note":"","_exactmetrics_sitenote_category":0,"footnotes":""},"categories":[14],"tags":[],"class_list":["post-37775","post","type-post","status-publish","format-standard","hentry","category-lettre-m"],"acf":[],"_links":{"self":[{"href":"https:\/\/www.lesmaconsdelacreuse.fr\/annuaires\/wp-json\/wp\/v2\/posts\/37775","targetHints":{"allow":["GET"]}}],"collection":[{"href":"https:\/\/www.lesmaconsdelacreuse.fr\/annuaires\/wp-json\/wp\/v2\/posts"}],"about":[{"href":"https:\/\/www.lesmaconsdelacreuse.fr\/annuaires\/wp-json\/wp\/v2\/types\/post"}],"author":[{"embeddable":true,"href":"https:\/\/www.lesmaconsdelacreuse.fr\/annuaires\/wp-json\/wp\/v2\/users\/2"}],"replies":[{"embeddable":true,"href":"https:\/\/www.lesmaconsdelacreuse.fr\/annuaires\/wp-json\/wp\/v2\/comments?post=37775"}],"version-history":[{"count":0,"href":"https:\/\/www.lesmaconsdelacreuse.fr\/annuaires\/wp-json\/wp\/v2\/posts\/37775\/revisions"}],"wp:attachment":[{"href":"https:\/\/www.lesmaconsdelacreuse.fr\/annuaires\/wp-json\/wp\/v2\/media?parent=37775"}],"wp:term":[{"taxonomy":"category","embeddable":true,"href":"https:\/\/www.lesmaconsdelacreuse.fr\/annuaires\/wp-json\/wp\/v2\/categories?post=37775"},{"taxonomy":"post_tag","embeddable":true,"href":"https:\/\/www.lesmaconsdelacreuse.fr\/annuaires\/wp-json\/wp\/v2\/tags?post=37775"}],"curies":[{"name":"wp","href":"https:\/\/api.w.org\/{rel}","templated":true}]}}