{"id":37778,"date":"2019-08-04T17:22:42","date_gmt":"2019-08-04T15:22:42","guid":{"rendered":"http:\/\/lesmaconsdelacreuse.fr\/annuaire\/?p=37778"},"modified":"2020-09-28T10:30:56","modified_gmt":"2020-09-28T08:30:56","slug":"m_85","status":"publish","type":"post","link":"https:\/\/www.lesmaconsdelacreuse.fr\/annuaires\/lettre-m\/m_85\/","title":{"rendered":"MARCHEIX Jean (1812-1888)"},"content":{"rendered":"<p class=\"last-updated\"><strong>Mis \u00e0 jour le :<\/strong> 27\/04\/2026<\/p><h2 style=\"text-align: center;\"><strong>Jean MARCHEIX<\/strong><\/h2>\n<p style=\"text-align: center;\"><strong>La Combe<\/strong><\/p>\n<p style=\"text-align: center;\"><strong>1812 &#8211; 1888<\/strong><\/p>\n<p style=\"text-align: center;\"><img decoding=\"async\" title=\"\" src=\"https:\/\/lesmaconsdelacreuse.fr\/annuaire\/wp-content\/uploads\/2019\/08\/image1-1308.jpg\" alt=\"\" data-asset-id=\"37770\" data-source-id=\"i.0\" \/><\/p>\n<h4 style=\"text-align: center;\"><span style=\"color: #008000;\"><strong>ma\u00e7on <\/strong>et<\/span>\u00a0<span style=\"color: #008000;\"><strong><em>\u25ba <\/em><span style=\"color: #008000;\"><a style=\"color: #008000;\" href=\"https:\/\/www.lesmaconsdelacreuse.fr\/annuaires\/wp-content\/uploads\/2019\/08\/TAILLANDIER.png\"><span style=\"color: #008000;\">taillandier<\/span><\/a> <\/span><\/strong><\/span>;\u00a0<span style=\"color: #008000;\"><strong>propri\u00e9taire cultivateur<\/strong><\/span><\/h4>\n<p>&nbsp;<\/p>\n<p style=\"text-align: center;\">n\u00e9 au Compeix<\/p>\n<p style=\"text-align: center;\">le 31 octobre 1812<\/p>\n<p style=\"text-align: center;\">fils de<\/p>\n<p style=\"text-align: center;\">Fran\u00e7ois MARCHEIX \/ Jeanne M\u00c9RIGOT<\/p>\n<p style=\"text-align: center;\">propri\u00e9taires cultivateurs<\/p>\n<p style=\"text-align: center;\"><span style=\"color: #ffffff;\">\u25d9<\/span><\/p>\n<p><em>Jean se marie le 7 f\u00e9vrier <\/em><strong>1836<\/strong><em> \u00e0 Saint-Pierre-le-Bost avec Th\u00e9r\u00e8se <\/em><strong>FARGES<\/strong><em> (contrat Lepetit au Monteil-au-Vicomte). Les \u00e9poux habitent le Compeix. <\/em><\/p>\n<p><strong>En 1844<\/strong><em>, Jean travaille \u00e0 <\/em><span style=\"color: #0000ff;\"><strong>Paris (75)<\/strong><\/span><em>.<\/em><\/p>\n<p><em>Th\u00e9r\u00e8se d\u00e9c\u00e8de au Compeix le 28 octobre <\/em><strong>1850<\/strong><em>, \u00e2g\u00e9e de 38 ans. <\/em><\/p>\n<p><em>Jean se remarie le 2 mars <\/em><strong>1852<\/strong><em> avec Louise <\/em><strong>LONGY<\/strong><em> \u00e0 Gentioux\u00a0 (contrat Toumieux). Les \u00e9poux habitent \u00e9galement Le Compeix.<\/em><\/p>\n<p><strong>En 1852 et 1855<\/strong><em>, Jean est ma\u00e7on \u00e0 Paris. <\/em><\/p>\n<p><em>Les \u00e9poux d\u00e9c\u00e8dent\u00a0:<\/em><\/p>\n<ul>\n<li><em>Jean, au Compeix, le 14 juin <\/em><strong>1888<\/strong><em><strong>,<\/strong> \u00e2g\u00e9 de 75 ans<\/em><\/li>\n<li><em>Louise, \u00e0 La Brousse, m\u00eame commune, le 7 avril <\/em><strong>1909<\/strong><em>, \u00e2g\u00e9e de 85 ans<\/em><\/li>\n<\/ul>\n<p>&nbsp;<\/p>\n","protected":false},"excerpt":{"rendered":"<p>Mis \u00e0 jour le : 27\/04\/2026Jean MARCHEIX La Combe 1812 &#8211; 1888 ma\u00e7on et\u00a0\u25ba taillandier ;\u00a0propri\u00e9taire cultivateur &nbsp; n\u00e9 au Compeix le 31 octobre 1812 fils de Fran\u00e7ois MARCHEIX \/ Jeanne M\u00c9RIGOT propri\u00e9taires cultivateurs \u25d9 Jean se marie le 7 f\u00e9vrier 1836 \u00e0 Saint-Pierre-le-Bost avec Th\u00e9r\u00e8se FARGES (contrat Lepetit au Monteil-au-Vicomte). Les \u00e9poux habitent le ..<\/p>\n<div class=\"clear-fix\"><\/div>\n<p><a href=\"https:\/\/www.lesmaconsdelacreuse.fr\/annuaires\/lettre-m\/m_85\/\" title=\"Lire la suite...\">Lire la suite<\/a><\/p>\n","protected":false},"author":2,"featured_media":0,"comment_status":"closed","ping_status":"closed","sticky":false,"template":"","format":"standard","meta":{"_acf_changed":false,"_exactmetrics_skip_tracking":false,"_exactmetrics_sitenote_active":false,"_exactmetrics_sitenote_note":"","_exactmetrics_sitenote_category":0,"footnotes":""},"categories":[14],"tags":[],"class_list":["post-37778","post","type-post","status-publish","format-standard","hentry","category-lettre-m"],"acf":[],"_links":{"self":[{"href":"https:\/\/www.lesmaconsdelacreuse.fr\/annuaires\/wp-json\/wp\/v2\/posts\/37778","targetHints":{"allow":["GET"]}}],"collection":[{"href":"https:\/\/www.lesmaconsdelacreuse.fr\/annuaires\/wp-json\/wp\/v2\/posts"}],"about":[{"href":"https:\/\/www.lesmaconsdelacreuse.fr\/annuaires\/wp-json\/wp\/v2\/types\/post"}],"author":[{"embeddable":true,"href":"https:\/\/www.lesmaconsdelacreuse.fr\/annuaires\/wp-json\/wp\/v2\/users\/2"}],"replies":[{"embeddable":true,"href":"https:\/\/www.lesmaconsdelacreuse.fr\/annuaires\/wp-json\/wp\/v2\/comments?post=37778"}],"version-history":[{"count":0,"href":"https:\/\/www.lesmaconsdelacreuse.fr\/annuaires\/wp-json\/wp\/v2\/posts\/37778\/revisions"}],"wp:attachment":[{"href":"https:\/\/www.lesmaconsdelacreuse.fr\/annuaires\/wp-json\/wp\/v2\/media?parent=37778"}],"wp:term":[{"taxonomy":"category","embeddable":true,"href":"https:\/\/www.lesmaconsdelacreuse.fr\/annuaires\/wp-json\/wp\/v2\/categories?post=37778"},{"taxonomy":"post_tag","embeddable":true,"href":"https:\/\/www.lesmaconsdelacreuse.fr\/annuaires\/wp-json\/wp\/v2\/tags?post=37778"}],"curies":[{"name":"wp","href":"https:\/\/api.w.org\/{rel}","templated":true}]}}