{"id":37782,"date":"2019-08-04T17:22:43","date_gmt":"2019-08-04T15:22:43","guid":{"rendered":"http:\/\/lesmaconsdelacreuse.fr\/annuaire\/?p=37782"},"modified":"2020-01-20T11:07:41","modified_gmt":"2020-01-20T10:07:41","slug":"m_19","status":"publish","type":"post","link":"https:\/\/www.lesmaconsdelacreuse.fr\/annuaires\/lettre-m\/m_19\/","title":{"rendered":"MALAVAUD L\u00e9ger (1823-1851)"},"content":{"rendered":"<p class=\"last-updated\"><strong>Mis \u00e0 jour le :<\/strong> 27\/04\/2026<\/p><h2 style=\"text-align: center;\"><strong>L\u00e9ger MALAVAUD<\/strong><\/h2>\n<p style=\"text-align: center;\"><strong>1823 &#8211; 1851<\/strong><\/p>\n<p style=\"text-align: center;\"><img decoding=\"async\" title=\"\" src=\"https:\/\/lesmaconsdelacreuse.fr\/annuaire\/wp-content\/uploads\/2019\/08\/image1-1312.jpg\" alt=\"\" data-asset-id=\"37779\" data-source-id=\"i.0\" \/><\/p>\n<h4 style=\"text-align: center;\"><span style=\"color: #008000;\"><strong>ma\u00e7on<\/strong><\/span><\/h4>\n<p style=\"text-align: center;\">n\u00e9 au bourg d\u2019 Augne (87)<\/p>\n<p style=\"text-align: center;\">le 6 f\u00e9vrier 1823<\/p>\n<p style=\"text-align: center;\">fils de<\/p>\n<p style=\"text-align: center;\">L\u00e9onard MALAVAUD \/ Marie CHAPEAUBLANC<\/p>\n<p style=\"text-align: center;\"><span style=\"color: #ffffff;\">\u25d9<\/span><\/p>\n<p><em>L\u00e9ger \u00e9pouse Anne <\/em><strong>LACOUR <\/strong><em>le 2 f\u00e9vrier <\/em><strong>1847<\/strong><em> \u00e0 Saint-Moreil. Ils vivent \u00e0 La Ribi\u00e8re-au-Gay, m\u00eame commune.<\/em><\/p>\n<p><em> L\u00e9ger d\u00e9c\u00e8de \u00e0 <\/em><span style=\"color: #0000ff;\"><strong>Lyon (69)<\/strong><\/span><em> le 17 ao\u00fbt <\/em><strong>1851<\/strong><em>, \u00e2g\u00e9 de 28 ans. <\/em><\/p>\n<p><em>Anne se remarie en 1856 \u00e0 Saint-Moreil avec Pierre DENIS, et d\u00e9c\u00e8de \u00e0 La Ribi\u00e8re-au-Gay le 28 ao\u00fbt 1861, \u00e2g\u00e9e de 32 ans.<\/em><\/p>\n","protected":false},"excerpt":{"rendered":"<p>Mis \u00e0 jour le : 27\/04\/2026L\u00e9ger MALAVAUD 1823 &#8211; 1851 ma\u00e7on n\u00e9 au bourg d\u2019 Augne (87) le 6 f\u00e9vrier 1823 fils de L\u00e9onard MALAVAUD \/ Marie CHAPEAUBLANC \u25d9 L\u00e9ger \u00e9pouse Anne LACOUR le 2 f\u00e9vrier 1847 \u00e0 Saint-Moreil. Ils vivent \u00e0 La Ribi\u00e8re-au-Gay, m\u00eame commune. L\u00e9ger d\u00e9c\u00e8de \u00e0 Lyon (69) le 17 ao\u00fbt 1851, ..<\/p>\n<div class=\"clear-fix\"><\/div>\n<p><a href=\"https:\/\/www.lesmaconsdelacreuse.fr\/annuaires\/lettre-m\/m_19\/\" title=\"Lire la suite...\">Lire la suite<\/a><\/p>\n","protected":false},"author":2,"featured_media":0,"comment_status":"closed","ping_status":"closed","sticky":false,"template":"","format":"standard","meta":{"_acf_changed":false,"_exactmetrics_skip_tracking":false,"_exactmetrics_sitenote_active":false,"_exactmetrics_sitenote_note":"","_exactmetrics_sitenote_category":0,"footnotes":""},"categories":[14],"tags":[],"class_list":["post-37782","post","type-post","status-publish","format-standard","hentry","category-lettre-m"],"acf":[],"_links":{"self":[{"href":"https:\/\/www.lesmaconsdelacreuse.fr\/annuaires\/wp-json\/wp\/v2\/posts\/37782","targetHints":{"allow":["GET"]}}],"collection":[{"href":"https:\/\/www.lesmaconsdelacreuse.fr\/annuaires\/wp-json\/wp\/v2\/posts"}],"about":[{"href":"https:\/\/www.lesmaconsdelacreuse.fr\/annuaires\/wp-json\/wp\/v2\/types\/post"}],"author":[{"embeddable":true,"href":"https:\/\/www.lesmaconsdelacreuse.fr\/annuaires\/wp-json\/wp\/v2\/users\/2"}],"replies":[{"embeddable":true,"href":"https:\/\/www.lesmaconsdelacreuse.fr\/annuaires\/wp-json\/wp\/v2\/comments?post=37782"}],"version-history":[{"count":0,"href":"https:\/\/www.lesmaconsdelacreuse.fr\/annuaires\/wp-json\/wp\/v2\/posts\/37782\/revisions"}],"wp:attachment":[{"href":"https:\/\/www.lesmaconsdelacreuse.fr\/annuaires\/wp-json\/wp\/v2\/media?parent=37782"}],"wp:term":[{"taxonomy":"category","embeddable":true,"href":"https:\/\/www.lesmaconsdelacreuse.fr\/annuaires\/wp-json\/wp\/v2\/categories?post=37782"},{"taxonomy":"post_tag","embeddable":true,"href":"https:\/\/www.lesmaconsdelacreuse.fr\/annuaires\/wp-json\/wp\/v2\/tags?post=37782"}],"curies":[{"name":"wp","href":"https:\/\/api.w.org\/{rel}","templated":true}]}}