{"id":37788,"date":"2019-08-04T17:22:43","date_gmt":"2019-08-04T15:22:43","guid":{"rendered":"http:\/\/lesmaconsdelacreuse.fr\/annuaire\/?p=37788"},"modified":"2021-12-19T14:03:54","modified_gmt":"2021-12-19T13:03:54","slug":"m_62","status":"publish","type":"post","link":"https:\/\/www.lesmaconsdelacreuse.fr\/annuaires\/lettre-m\/m_62\/","title":{"rendered":"MAN\u00c9GRIER   Gabriel (1848\u20131919)"},"content":{"rendered":"<p class=\"last-updated\"><strong>Mis \u00e0 jour le :<\/strong> 27\/04\/2026<\/p><h2 style=\"text-align: center;\"><strong>Gabriel MAN\u00c9GRIER<\/strong><\/h2>\n<p style=\"text-align: center;\"><strong>Fran\u00e7ois MAN\u00c9GRIER<\/strong><\/p>\n<p style=\"text-align: center;\"><strong>1848 \u2013 1919<\/strong><\/p>\n<p style=\"text-align: center;\"><img decoding=\"async\" title=\"\" src=\"https:\/\/lesmaconsdelacreuse.fr\/annuaire\/wp-content\/uploads\/2019\/08\/image1-1315.jpg\" alt=\"\" data-asset-id=\"37787\" data-source-id=\"i.0\" \/><\/p>\n<h4 style=\"text-align: center;\"><span style=\"color: #008000;\"><strong>ma\u00e7on<\/strong><\/span><\/h4>\n<p style=\"text-align: center;\">n\u00e9 \u00e0 Arfeuille (Saint-Junien-la-Breg\u00e8re)<\/p>\n<p style=\"text-align: center;\">le 18 avril 1848<\/p>\n<p style=\"text-align: center;\">fils de<\/p>\n<p style=\"text-align: center;\">Louis MAN\u00c9GRIER \/ Th\u00e9r\u00e8se BORDERIE<\/p>\n<p style=\"text-align: center;\">cultivateurs<\/p>\n<p style=\"text-align: center;\"><span style=\"color: #ffffff;\">\u25d9<\/span><\/p>\n<p><em>Gabriel \u00e9pouse Marguerite <\/em><strong>SURDIEUX<\/strong><em> le 12 f\u00e9vrier <\/em><strong>1874<\/strong><em> \u00e0 Saint-Junien-la-Breg\u00e8re (contrat Berger \u00e0 Bourganeuf).<\/em><\/p>\n<p><em> Ils habitent Vige, commune de Saint-Junien. <\/em><\/p>\n<p><strong>En 1883<\/strong><em>, Gabriel travaille \u00e0 <\/em><span style=\"color: #0000ff;\"><strong>Bordeaux (33)<\/strong><\/span><em>.<\/em><\/p>\n<p><em>Les \u00e9poux d\u00e9c\u00e8dent \u00e0 Vige:<\/em><\/p>\n<ul>\n<li><em>Gabriel, le 9 avril<\/em> <strong>1919<\/strong>, <em>\u00e2g\u00e9 de 70 ans<\/em><\/li>\n<li><em>Marguerite, le 19 mai <\/em><strong>1914<\/strong><em>, \u00e2g\u00e9e de 62 ans<\/em><\/li>\n<\/ul>\n","protected":false},"excerpt":{"rendered":"<p>Mis \u00e0 jour le : 27\/04\/2026Gabriel MAN\u00c9GRIER Fran\u00e7ois MAN\u00c9GRIER 1848 \u2013 1919 ma\u00e7on n\u00e9 \u00e0 Arfeuille (Saint-Junien-la-Breg\u00e8re) le 18 avril 1848 fils de Louis MAN\u00c9GRIER \/ Th\u00e9r\u00e8se BORDERIE cultivateurs \u25d9 Gabriel \u00e9pouse Marguerite SURDIEUX le 12 f\u00e9vrier 1874 \u00e0 Saint-Junien-la-Breg\u00e8re (contrat Berger \u00e0 Bourganeuf). Ils habitent Vige, commune de Saint-Junien. En 1883, Gabriel travaille \u00e0 ..<\/p>\n<div class=\"clear-fix\"><\/div>\n<p><a href=\"https:\/\/www.lesmaconsdelacreuse.fr\/annuaires\/lettre-m\/m_62\/\" title=\"Lire la suite...\">Lire la suite<\/a><\/p>\n","protected":false},"author":2,"featured_media":0,"comment_status":"closed","ping_status":"closed","sticky":false,"template":"","format":"standard","meta":{"_acf_changed":false,"_exactmetrics_skip_tracking":false,"_exactmetrics_sitenote_active":false,"_exactmetrics_sitenote_note":"","_exactmetrics_sitenote_category":0,"footnotes":""},"categories":[14],"tags":[],"class_list":["post-37788","post","type-post","status-publish","format-standard","hentry","category-lettre-m"],"acf":[],"_links":{"self":[{"href":"https:\/\/www.lesmaconsdelacreuse.fr\/annuaires\/wp-json\/wp\/v2\/posts\/37788","targetHints":{"allow":["GET"]}}],"collection":[{"href":"https:\/\/www.lesmaconsdelacreuse.fr\/annuaires\/wp-json\/wp\/v2\/posts"}],"about":[{"href":"https:\/\/www.lesmaconsdelacreuse.fr\/annuaires\/wp-json\/wp\/v2\/types\/post"}],"author":[{"embeddable":true,"href":"https:\/\/www.lesmaconsdelacreuse.fr\/annuaires\/wp-json\/wp\/v2\/users\/2"}],"replies":[{"embeddable":true,"href":"https:\/\/www.lesmaconsdelacreuse.fr\/annuaires\/wp-json\/wp\/v2\/comments?post=37788"}],"version-history":[{"count":2,"href":"https:\/\/www.lesmaconsdelacreuse.fr\/annuaires\/wp-json\/wp\/v2\/posts\/37788\/revisions"}],"predecessor-version":[{"id":193307,"href":"https:\/\/www.lesmaconsdelacreuse.fr\/annuaires\/wp-json\/wp\/v2\/posts\/37788\/revisions\/193307"}],"wp:attachment":[{"href":"https:\/\/www.lesmaconsdelacreuse.fr\/annuaires\/wp-json\/wp\/v2\/media?parent=37788"}],"wp:term":[{"taxonomy":"category","embeddable":true,"href":"https:\/\/www.lesmaconsdelacreuse.fr\/annuaires\/wp-json\/wp\/v2\/categories?post=37788"},{"taxonomy":"post_tag","embeddable":true,"href":"https:\/\/www.lesmaconsdelacreuse.fr\/annuaires\/wp-json\/wp\/v2\/tags?post=37788"}],"curies":[{"name":"wp","href":"https:\/\/api.w.org\/{rel}","templated":true}]}}