{"id":37790,"date":"2019-08-04T17:22:43","date_gmt":"2019-08-04T15:22:43","guid":{"rendered":"http:\/\/lesmaconsdelacreuse.fr\/annuaire\/?p=37790"},"modified":"2020-01-20T11:07:40","modified_gmt":"2020-01-20T10:07:40","slug":"m_34","status":"publish","type":"post","link":"https:\/\/www.lesmaconsdelacreuse.fr\/annuaires\/lettre-m\/m_34\/","title":{"rendered":"MALEDENT Jean (1801-1860)"},"content":{"rendered":"<p class=\"last-updated\"><strong>Mis \u00e0 jour le :<\/strong> 27\/04\/2026<\/p><h2 style=\"text-align: center;\"><strong>Jean MALEDENT<\/strong><\/h2>\n<p style=\"text-align: center;\"><strong>1801 &#8211; 1860<\/strong><\/p>\n<p style=\"text-align: center;\"><img decoding=\"async\" title=\"\" src=\"https:\/\/lesmaconsdelacreuse.fr\/annuaire\/wp-content\/uploads\/2019\/08\/image1-1316.jpg\" alt=\"\" data-asset-id=\"37789\" data-source-id=\"i.0\" \/><\/p>\n<h4 style=\"text-align: center;\"><span style=\"color: #008000;\"><strong>ma\u00e7on <\/strong>et<\/span> <span style=\"color: #008000;\"><strong>propri\u00e9taire cultivateur<\/strong><\/span><\/h4>\n<p style=\"text-align: center;\">n\u00e9 \u00e0 La Bussi\u00e8re (Saint-Pierre-le-Bost)<\/p>\n<p style=\"text-align: center;\">le 1er vend\u00e9miaire an X (23 septembre 1801)<\/p>\n<p style=\"text-align: center;\">fils de<\/p>\n<p style=\"text-align: center;\">Fran\u00e7ois MALEDENT, <span style=\"color: #008000;\"><strong>ma\u00e7on<\/strong><\/span><\/p>\n<p style=\"text-align: center;\">Marie BOURDEAU, cultivatrice<\/p>\n<p style=\"text-align: center;\"><span style=\"color: #ffffff;\">\u25d9<\/span><\/p>\n<p><em>Jean \u00e9pouse L\u00e9onarde <\/em><strong>LARBANEIX<\/strong><em> le 9 f\u00e9vrier <\/em><strong>1824<\/strong><em> \u00e0 Saint-Pierre. Le couple habite Pramy, m\u00eame commune.<\/em><\/p>\n<p><strong>En 1836<\/strong><em>, Jean travaille \u00e0 <\/em><span style=\"color: #0000ff;\"><strong>Lyon (69)<\/strong><\/span><em>.<\/em><\/p>\n<p><em> Ils d\u00e9c\u00e8dent \u00e0 Pramy\u00a0:<\/em><\/p>\n<ul>\n<li><em>Jean, le 13 ao\u00fbt <\/em><strong>1860<\/strong><em>, \u00e2g\u00e9 de 58 ans<\/em><\/li>\n<li><em>L\u00e9onarde, le 5 novembre <\/em><strong>1883<\/strong><em>, \u00e2g\u00e9e de 77 ans<\/em><\/li>\n<\/ul>\n","protected":false},"excerpt":{"rendered":"<p>Mis \u00e0 jour le : 27\/04\/2026Jean MALEDENT 1801 &#8211; 1860 ma\u00e7on et propri\u00e9taire cultivateur n\u00e9 \u00e0 La Bussi\u00e8re (Saint-Pierre-le-Bost) le 1er vend\u00e9miaire an X (23 septembre 1801) fils de Fran\u00e7ois MALEDENT, ma\u00e7on Marie BOURDEAU, cultivatrice \u25d9 Jean \u00e9pouse L\u00e9onarde LARBANEIX le 9 f\u00e9vrier 1824 \u00e0 Saint-Pierre. Le couple habite Pramy, m\u00eame commune. En 1836, Jean ..<\/p>\n<div class=\"clear-fix\"><\/div>\n<p><a href=\"https:\/\/www.lesmaconsdelacreuse.fr\/annuaires\/lettre-m\/m_34\/\" title=\"Lire la suite...\">Lire la suite<\/a><\/p>\n","protected":false},"author":2,"featured_media":0,"comment_status":"closed","ping_status":"closed","sticky":false,"template":"","format":"standard","meta":{"_acf_changed":false,"_exactmetrics_skip_tracking":false,"_exactmetrics_sitenote_active":false,"_exactmetrics_sitenote_note":"","_exactmetrics_sitenote_category":0,"footnotes":""},"categories":[14],"tags":[],"class_list":["post-37790","post","type-post","status-publish","format-standard","hentry","category-lettre-m"],"acf":[],"_links":{"self":[{"href":"https:\/\/www.lesmaconsdelacreuse.fr\/annuaires\/wp-json\/wp\/v2\/posts\/37790","targetHints":{"allow":["GET"]}}],"collection":[{"href":"https:\/\/www.lesmaconsdelacreuse.fr\/annuaires\/wp-json\/wp\/v2\/posts"}],"about":[{"href":"https:\/\/www.lesmaconsdelacreuse.fr\/annuaires\/wp-json\/wp\/v2\/types\/post"}],"author":[{"embeddable":true,"href":"https:\/\/www.lesmaconsdelacreuse.fr\/annuaires\/wp-json\/wp\/v2\/users\/2"}],"replies":[{"embeddable":true,"href":"https:\/\/www.lesmaconsdelacreuse.fr\/annuaires\/wp-json\/wp\/v2\/comments?post=37790"}],"version-history":[{"count":0,"href":"https:\/\/www.lesmaconsdelacreuse.fr\/annuaires\/wp-json\/wp\/v2\/posts\/37790\/revisions"}],"wp:attachment":[{"href":"https:\/\/www.lesmaconsdelacreuse.fr\/annuaires\/wp-json\/wp\/v2\/media?parent=37790"}],"wp:term":[{"taxonomy":"category","embeddable":true,"href":"https:\/\/www.lesmaconsdelacreuse.fr\/annuaires\/wp-json\/wp\/v2\/categories?post=37790"},{"taxonomy":"post_tag","embeddable":true,"href":"https:\/\/www.lesmaconsdelacreuse.fr\/annuaires\/wp-json\/wp\/v2\/tags?post=37790"}],"curies":[{"name":"wp","href":"https:\/\/api.w.org\/{rel}","templated":true}]}}