{"id":37794,"date":"2019-08-04T17:22:43","date_gmt":"2019-08-04T15:22:43","guid":{"rendered":"http:\/\/lesmaconsdelacreuse.fr\/annuaire\/?p=37794"},"modified":"2020-10-12T15:54:19","modified_gmt":"2020-10-12T13:54:19","slug":"m_56","status":"publish","type":"post","link":"https:\/\/www.lesmaconsdelacreuse.fr\/annuaires\/lettre-m\/m_56\/","title":{"rendered":"MANAUD Jean (1738\u20131779)"},"content":{"rendered":"<p class=\"last-updated\"><strong>Mis \u00e0 jour le :<\/strong> 27\/04\/2026<\/p><h2 style=\"text-align: center;\"><strong>Jean MANAUD<\/strong><\/h2>\n<p style=\"text-align: center;\"><strong>1738 \u2013 1779<\/strong><\/p>\n<h4 style=\"text-align: center;\"><img decoding=\"async\" title=\"\" src=\"https:\/\/lesmaconsdelacreuse.fr\/annuaire\/wp-content\/uploads\/2019\/08\/image1-1318.jpg\" alt=\"\" data-asset-id=\"37793\" data-source-id=\"i.0\" \/><\/h4>\n<h4 style=\"text-align: center;\"><strong>\u25ba\u00a0<a href=\"https:\/\/www.lesmaconsdelacreuse.fr\/annuaires\/wp-content\/uploads\/2020\/07\/MA\u00ceTRE-MA\u00c7ON.png\" target=\"_blank\" rel=\"noopener noreferrer\"><span style=\"color: #008000;\">ma\u00eetre ma\u00e7on<\/span><\/a>\u00a0<\/strong><span style=\"color: #008000;\">et<strong> laboureur<\/strong><\/span><\/h4>\n<p>&nbsp;<\/p>\n<p style=\"text-align: center;\">n\u00e9 \u00e0 Champagnat (Charri\u00e8re)<\/p>\n<p style=\"text-align: center;\">le 6 janvier 1738<\/p>\n<p style=\"text-align: center;\">fils de<\/p>\n<p style=\"text-align: center;\">L\u00e9onard MANAUD \/ Marie TIXIER<\/p>\n<p style=\"text-align: center;\">laboureurs<\/p>\n<p style=\"text-align: center;\"><span style=\"color: #ffffff;\">\u25d9<\/span><\/p>\n<p><em>Jean \u00e9pouse Marie <\/em><strong>VIGEAUDON<\/strong><em> le 3 f\u00e9vrier <\/em><strong>1762<\/strong> <em>\u00e0 Saint-Moreil (date du \u25ba<a href=\"https:\/\/www.lesmaconsdelacreuse.fr\/annuaires\/wp-content\/uploads\/2020\/08\/CONG\u00c9-ou-REMISE.png\" target=\"_blank\" rel=\"noopener noreferrer\">cong\u00e9<\/a>).<\/em><\/p>\n<p><em>Ils habitent Lestrade.<\/em><\/p>\n<p><em>Jean y d\u00e9c\u00e8de le 11 juillet <\/em><strong>1779<\/strong><em>, \u00e2g\u00e9 de 41 ans.<\/em><\/p>\n<p>&nbsp;<\/p>\n","protected":false},"excerpt":{"rendered":"<p>Mis \u00e0 jour le : 27\/04\/2026Jean MANAUD 1738 \u2013 1779 \u25ba\u00a0ma\u00eetre ma\u00e7on\u00a0et laboureur &nbsp; n\u00e9 \u00e0 Champagnat (Charri\u00e8re) le 6 janvier 1738 fils de L\u00e9onard MANAUD \/ Marie TIXIER laboureurs \u25d9 Jean \u00e9pouse Marie VIGEAUDON le 3 f\u00e9vrier 1762 \u00e0 Saint-Moreil (date du \u25bacong\u00e9). Ils habitent Lestrade. Jean y d\u00e9c\u00e8de le 11 juillet 1779, \u00e2g\u00e9 ..<\/p>\n<div class=\"clear-fix\"><\/div>\n<p><a href=\"https:\/\/www.lesmaconsdelacreuse.fr\/annuaires\/lettre-m\/m_56\/\" title=\"Lire la suite...\">Lire la suite<\/a><\/p>\n","protected":false},"author":2,"featured_media":0,"comment_status":"closed","ping_status":"closed","sticky":false,"template":"","format":"standard","meta":{"_acf_changed":false,"_exactmetrics_skip_tracking":false,"_exactmetrics_sitenote_active":false,"_exactmetrics_sitenote_note":"","_exactmetrics_sitenote_category":0,"footnotes":""},"categories":[14],"tags":[],"class_list":["post-37794","post","type-post","status-publish","format-standard","hentry","category-lettre-m"],"acf":[],"_links":{"self":[{"href":"https:\/\/www.lesmaconsdelacreuse.fr\/annuaires\/wp-json\/wp\/v2\/posts\/37794","targetHints":{"allow":["GET"]}}],"collection":[{"href":"https:\/\/www.lesmaconsdelacreuse.fr\/annuaires\/wp-json\/wp\/v2\/posts"}],"about":[{"href":"https:\/\/www.lesmaconsdelacreuse.fr\/annuaires\/wp-json\/wp\/v2\/types\/post"}],"author":[{"embeddable":true,"href":"https:\/\/www.lesmaconsdelacreuse.fr\/annuaires\/wp-json\/wp\/v2\/users\/2"}],"replies":[{"embeddable":true,"href":"https:\/\/www.lesmaconsdelacreuse.fr\/annuaires\/wp-json\/wp\/v2\/comments?post=37794"}],"version-history":[{"count":0,"href":"https:\/\/www.lesmaconsdelacreuse.fr\/annuaires\/wp-json\/wp\/v2\/posts\/37794\/revisions"}],"wp:attachment":[{"href":"https:\/\/www.lesmaconsdelacreuse.fr\/annuaires\/wp-json\/wp\/v2\/media?parent=37794"}],"wp:term":[{"taxonomy":"category","embeddable":true,"href":"https:\/\/www.lesmaconsdelacreuse.fr\/annuaires\/wp-json\/wp\/v2\/categories?post=37794"},{"taxonomy":"post_tag","embeddable":true,"href":"https:\/\/www.lesmaconsdelacreuse.fr\/annuaires\/wp-json\/wp\/v2\/tags?post=37794"}],"curies":[{"name":"wp","href":"https:\/\/api.w.org\/{rel}","templated":true}]}}