{"id":37796,"date":"2019-08-04T17:22:43","date_gmt":"2019-08-04T15:22:43","guid":{"rendered":"http:\/\/lesmaconsdelacreuse.fr\/annuaire\/?p=37796"},"modified":"2020-01-20T11:07:40","modified_gmt":"2020-01-20T10:07:40","slug":"m_16","status":"publish","type":"post","link":"https:\/\/www.lesmaconsdelacreuse.fr\/annuaires\/lettre-m\/m_16\/","title":{"rendered":"MALAVAUD Blaise (1839-1885)"},"content":{"rendered":"<p class=\"last-updated\"><strong>Mis \u00e0 jour le :<\/strong> 27\/04\/2026<\/p><h2 style=\"text-align: center;\"><strong>Blaise MALAVAUD<\/strong><\/h2>\n<p style=\"text-align: center;\"><strong>1839 &#8211; 1885<\/strong><\/p>\n<p style=\"text-align: center;\"><img decoding=\"async\" title=\"\" src=\"https:\/\/lesmaconsdelacreuse.fr\/annuaire\/wp-content\/uploads\/2019\/08\/image1-1319.jpg\" alt=\"\" data-asset-id=\"37795\" data-source-id=\"i.0\" \/><\/p>\n<h4 style=\"text-align: center;\"><span style=\"color: #008000;\"><strong>ma\u00e7on<\/strong><\/span><\/h4>\n<p style=\"text-align: center;\">n\u00e9 \u00e0 Pr\u00e9sench\u00e8re (Saint-Moreil)<\/p>\n<p style=\"text-align: center;\">le 26 mars 1839<\/p>\n<p style=\"text-align: center;\">fils de<\/p>\n<p style=\"text-align: center;\">Georges MALAVAUD \/ Marie BENETOUT<\/p>\n<p style=\"text-align: center;\">propri\u00e9taires cultivateurs<\/p>\n<p style=\"text-align: center;\"><span style=\"color: #ffffff;\">\u25d9<\/span><\/p>\n<p><em>Blaise \u00e9pouse Fran\u00e7oise <\/em><strong>COURTY<\/strong><em>, tailleuse, le 11 f\u00e9vrier <\/em><strong>1867<\/strong><em> \u00e0 Peyrat-le-Ch\u00e2teau\u00a0(87 \u2013 contrat Tramonteil). Ils habitent d\u2019abord Peyrat. <\/em><\/p>\n<p><em>Ils d\u00e9c\u00e8dent \u00e0 <\/em><span style=\"color: #0000ff;\"><strong>Lyon (69)<\/strong><\/span><em> 3e\u00a0:<\/em><\/p>\n<ul>\n<li><em>Fran\u00e7oise, le 14 mars <\/em><strong>1876<\/strong>,<em> 8, rue Mazagran, \u00e2g\u00e9e de 26 ans<\/em><\/li>\n<li><em>Blaise, le 23 janvier <\/em><strong>1885<\/strong><em>, 18, rue Villeroi, \u00e2g\u00e9 de 45 ans<\/em><\/li>\n<\/ul>\n","protected":false},"excerpt":{"rendered":"<p>Mis \u00e0 jour le : 27\/04\/2026Blaise MALAVAUD 1839 &#8211; 1885 ma\u00e7on n\u00e9 \u00e0 Pr\u00e9sench\u00e8re (Saint-Moreil) le 26 mars 1839 fils de Georges MALAVAUD \/ Marie BENETOUT propri\u00e9taires cultivateurs \u25d9 Blaise \u00e9pouse Fran\u00e7oise COURTY, tailleuse, le 11 f\u00e9vrier 1867 \u00e0 Peyrat-le-Ch\u00e2teau\u00a0(87 \u2013 contrat Tramonteil). Ils habitent d\u2019abord Peyrat. Ils d\u00e9c\u00e8dent \u00e0 Lyon (69) 3e\u00a0: Fran\u00e7oise, le ..<\/p>\n<div class=\"clear-fix\"><\/div>\n<p><a href=\"https:\/\/www.lesmaconsdelacreuse.fr\/annuaires\/lettre-m\/m_16\/\" title=\"Lire la suite...\">Lire la suite<\/a><\/p>\n","protected":false},"author":2,"featured_media":0,"comment_status":"closed","ping_status":"closed","sticky":false,"template":"","format":"standard","meta":{"_acf_changed":false,"_exactmetrics_skip_tracking":false,"_exactmetrics_sitenote_active":false,"_exactmetrics_sitenote_note":"","_exactmetrics_sitenote_category":0,"footnotes":""},"categories":[14],"tags":[],"class_list":["post-37796","post","type-post","status-publish","format-standard","hentry","category-lettre-m"],"acf":[],"_links":{"self":[{"href":"https:\/\/www.lesmaconsdelacreuse.fr\/annuaires\/wp-json\/wp\/v2\/posts\/37796","targetHints":{"allow":["GET"]}}],"collection":[{"href":"https:\/\/www.lesmaconsdelacreuse.fr\/annuaires\/wp-json\/wp\/v2\/posts"}],"about":[{"href":"https:\/\/www.lesmaconsdelacreuse.fr\/annuaires\/wp-json\/wp\/v2\/types\/post"}],"author":[{"embeddable":true,"href":"https:\/\/www.lesmaconsdelacreuse.fr\/annuaires\/wp-json\/wp\/v2\/users\/2"}],"replies":[{"embeddable":true,"href":"https:\/\/www.lesmaconsdelacreuse.fr\/annuaires\/wp-json\/wp\/v2\/comments?post=37796"}],"version-history":[{"count":0,"href":"https:\/\/www.lesmaconsdelacreuse.fr\/annuaires\/wp-json\/wp\/v2\/posts\/37796\/revisions"}],"wp:attachment":[{"href":"https:\/\/www.lesmaconsdelacreuse.fr\/annuaires\/wp-json\/wp\/v2\/media?parent=37796"}],"wp:term":[{"taxonomy":"category","embeddable":true,"href":"https:\/\/www.lesmaconsdelacreuse.fr\/annuaires\/wp-json\/wp\/v2\/categories?post=37796"},{"taxonomy":"post_tag","embeddable":true,"href":"https:\/\/www.lesmaconsdelacreuse.fr\/annuaires\/wp-json\/wp\/v2\/tags?post=37796"}],"curies":[{"name":"wp","href":"https:\/\/api.w.org\/{rel}","templated":true}]}}