{"id":37797,"date":"2019-08-04T17:22:43","date_gmt":"2019-08-04T15:22:43","guid":{"rendered":"http:\/\/lesmaconsdelacreuse.fr\/annuaire\/?p=37797"},"modified":"2022-04-16T12:08:58","modified_gmt":"2022-04-16T10:08:58","slug":"m_82","status":"publish","type":"post","link":"https:\/\/www.lesmaconsdelacreuse.fr\/annuaires\/lettre-m\/m_82\/","title":{"rendered":"MARCELOT Jean \u00c9mile (1900\u20131989)"},"content":{"rendered":"<p class=\"last-updated\"><strong>Mis \u00e0 jour le :<\/strong> 27\/04\/2026<\/p><h2 style=\"text-align: center;\"><strong>Jean \u00c9mile MARCELOT<\/strong><\/h2>\n<p style=\"text-align: center;\"><strong>1900 \u2013 1989<\/strong><\/p>\n<h4 style=\"text-align: center;\"><span style=\"color: #008000;\"><strong>ma\u00e7on<\/strong><\/span><\/h4>\n<p style=\"text-align: center;\">n\u00e9 au bourg de Roy\u00e8re<\/p>\n<p style=\"text-align: center;\">le 25 septembre 1900<\/p>\n<p style=\"text-align: center;\">fils de<\/p>\n<p style=\"text-align: center;\">Antoine MARCELOT, <span style=\"color: #008000;\"><strong>ma\u00e7on <\/strong><\/span>et cantonnier<\/p>\n<p style=\"text-align: center;\">Louise Jos\u00e9phine DUMY, cultivatrice<\/p>\n<p style=\"text-align: center;\"><span style=\"color: #ffffff;\">\u25d9<\/span><\/p>\n<p><em>Jean travaille \u00e0 <\/em><span style=\"color: #0000ff;\"><strong>Lyon (69)<\/strong><\/span><em> et loge dans le 3e\u00a0arrondissement\u00a0:<\/em><\/p>\n<p><strong>en 1922<\/strong><em>, 246, rue Duguesclin\u00a0;<\/em><\/p>\n<p><strong>en 1925 et 1929<\/strong><em>, 15, rue Fran\u00e7ois Garcin.<\/em><\/p>\n<p><em>Il d\u00e9c\u00e8de \u00e0 <\/em><span style=\"color: #0000ff;\"><strong>Melun (77)<\/strong><\/span><em>, le 10 f\u00e9vrier <\/em>1989<em>, \u00e2g\u00e9 de \u00a088 ans\u00a0 \u00a0(base des d\u00e9c\u00e8s de l\u2019INSEE)<\/em><\/p>\n","protected":false},"excerpt":{"rendered":"<p>Mis \u00e0 jour le : 27\/04\/2026Jean \u00c9mile MARCELOT 1900 \u2013 1989 ma\u00e7on n\u00e9 au bourg de Roy\u00e8re le 25 septembre 1900 fils de Antoine MARCELOT, ma\u00e7on et cantonnier Louise Jos\u00e9phine DUMY, cultivatrice \u25d9 Jean travaille \u00e0 Lyon (69) et loge dans le 3e\u00a0arrondissement\u00a0: en 1922, 246, rue Duguesclin\u00a0; en 1925 et 1929, 15, rue Fran\u00e7ois ..<\/p>\n<div class=\"clear-fix\"><\/div>\n<p><a href=\"https:\/\/www.lesmaconsdelacreuse.fr\/annuaires\/lettre-m\/m_82\/\" title=\"Lire la suite...\">Lire la suite<\/a><\/p>\n","protected":false},"author":2,"featured_media":0,"comment_status":"closed","ping_status":"closed","sticky":false,"template":"","format":"standard","meta":{"_acf_changed":false,"_exactmetrics_skip_tracking":false,"_exactmetrics_sitenote_active":false,"_exactmetrics_sitenote_note":"","_exactmetrics_sitenote_category":0,"footnotes":""},"categories":[14],"tags":[],"class_list":["post-37797","post","type-post","status-publish","format-standard","hentry","category-lettre-m"],"acf":[],"_links":{"self":[{"href":"https:\/\/www.lesmaconsdelacreuse.fr\/annuaires\/wp-json\/wp\/v2\/posts\/37797","targetHints":{"allow":["GET"]}}],"collection":[{"href":"https:\/\/www.lesmaconsdelacreuse.fr\/annuaires\/wp-json\/wp\/v2\/posts"}],"about":[{"href":"https:\/\/www.lesmaconsdelacreuse.fr\/annuaires\/wp-json\/wp\/v2\/types\/post"}],"author":[{"embeddable":true,"href":"https:\/\/www.lesmaconsdelacreuse.fr\/annuaires\/wp-json\/wp\/v2\/users\/2"}],"replies":[{"embeddable":true,"href":"https:\/\/www.lesmaconsdelacreuse.fr\/annuaires\/wp-json\/wp\/v2\/comments?post=37797"}],"version-history":[{"count":1,"href":"https:\/\/www.lesmaconsdelacreuse.fr\/annuaires\/wp-json\/wp\/v2\/posts\/37797\/revisions"}],"predecessor-version":[{"id":197760,"href":"https:\/\/www.lesmaconsdelacreuse.fr\/annuaires\/wp-json\/wp\/v2\/posts\/37797\/revisions\/197760"}],"wp:attachment":[{"href":"https:\/\/www.lesmaconsdelacreuse.fr\/annuaires\/wp-json\/wp\/v2\/media?parent=37797"}],"wp:term":[{"taxonomy":"category","embeddable":true,"href":"https:\/\/www.lesmaconsdelacreuse.fr\/annuaires\/wp-json\/wp\/v2\/categories?post=37797"},{"taxonomy":"post_tag","embeddable":true,"href":"https:\/\/www.lesmaconsdelacreuse.fr\/annuaires\/wp-json\/wp\/v2\/tags?post=37797"}],"curies":[{"name":"wp","href":"https:\/\/api.w.org\/{rel}","templated":true}]}}