{"id":37803,"date":"2019-08-04T17:22:44","date_gmt":"2019-08-04T15:22:44","guid":{"rendered":"http:\/\/lesmaconsdelacreuse.fr\/annuaire\/?p=37803"},"modified":"2020-01-20T11:07:39","modified_gmt":"2020-01-20T10:07:39","slug":"m_69","status":"publish","type":"post","link":"https:\/\/www.lesmaconsdelacreuse.fr\/annuaires\/lettre-m\/m_69\/","title":{"rendered":"MAN\u00c9GRIER Louis (1899\u20131985)"},"content":{"rendered":"<p class=\"last-updated\"><strong>Mis \u00e0 jour le :<\/strong> 27\/04\/2026<\/p><h2 style=\"text-align: center;\"><strong>Louis MAN\u00c9GRIER<\/strong><\/h2>\n<p style=\"text-align: center;\"><strong>1899 \u2013 1985<\/strong><\/p>\n<p style=\"text-align: center;\"><img decoding=\"async\" title=\"\" src=\"https:\/\/lesmaconsdelacreuse.fr\/annuaire\/wp-content\/uploads\/2019\/08\/image1-1322.jpg\" alt=\"\" data-asset-id=\"37802\" data-source-id=\"i.0\" \/><\/p>\n<h4 style=\"text-align: center;\"><span style=\"color: #008000;\"><strong>ma\u00e7on<\/strong><\/span><\/h4>\n<p style=\"text-align: center;\">n\u00e9 \u00e0 Vige (Saint-Junien-la-Breg\u00e8re)<\/p>\n<p style=\"text-align: center;\">le 17 janvier 1899<\/p>\n<p style=\"text-align: center;\">fils de<\/p>\n<p style=\"text-align: center;\">Gabriel MAN\u00c9GRIER, <span style=\"color: #008000;\"><strong>ma\u00e7on<\/strong><\/span><\/p>\n<p style=\"text-align: center;\">Marguerite SURDIEUX, cultivatrice<\/p>\n<p style=\"text-align: center;\"><span style=\"color: #ffffff;\">\u25d9<\/span><\/p>\n<p><strong>En 1932 et 1938<\/strong><em>, Louis travaille \u00e0 <\/em><span style=\"color: #0000ff;\"><strong>Paris (75)<\/strong><\/span><em>, et loge 8, rue des Grands Degr\u00e9s, 5e arrondissement.<\/em><\/p>\n<p><em> Il \u00e9pouse Madeleine <\/em><strong>BALLAIRE <\/strong><em>le 7 janvier <\/em><strong>1922<\/strong><em> \u00e0 Montboucher (mari\u00e9s sans contrat).<\/em><\/p>\n<p><em>Ils d\u00e9c\u00e8dent \u00e0 Bourganeuf, tous deux \u00e2g\u00e9s de 86 ans\u00a0:<\/em><\/p>\n<ul>\n<li><em>Louis, le 2 septembre <\/em><strong>1985<\/strong><\/li>\n<li><em>Madeleine, le 21 juillet <\/em><strong>1986<\/strong><\/li>\n<\/ul>\n","protected":false},"excerpt":{"rendered":"<p>Mis \u00e0 jour le : 27\/04\/2026Louis MAN\u00c9GRIER 1899 \u2013 1985 ma\u00e7on n\u00e9 \u00e0 Vige (Saint-Junien-la-Breg\u00e8re) le 17 janvier 1899 fils de Gabriel MAN\u00c9GRIER, ma\u00e7on Marguerite SURDIEUX, cultivatrice \u25d9 En 1932 et 1938, Louis travaille \u00e0 Paris (75), et loge 8, rue des Grands Degr\u00e9s, 5e arrondissement. Il \u00e9pouse Madeleine BALLAIRE le 7 janvier 1922 \u00e0 ..<\/p>\n<div class=\"clear-fix\"><\/div>\n<p><a href=\"https:\/\/www.lesmaconsdelacreuse.fr\/annuaires\/lettre-m\/m_69\/\" title=\"Lire la suite...\">Lire la suite<\/a><\/p>\n","protected":false},"author":2,"featured_media":0,"comment_status":"closed","ping_status":"closed","sticky":false,"template":"","format":"standard","meta":{"_acf_changed":false,"_exactmetrics_skip_tracking":false,"_exactmetrics_sitenote_active":false,"_exactmetrics_sitenote_note":"","_exactmetrics_sitenote_category":0,"footnotes":""},"categories":[14],"tags":[],"class_list":["post-37803","post","type-post","status-publish","format-standard","hentry","category-lettre-m"],"acf":[],"_links":{"self":[{"href":"https:\/\/www.lesmaconsdelacreuse.fr\/annuaires\/wp-json\/wp\/v2\/posts\/37803","targetHints":{"allow":["GET"]}}],"collection":[{"href":"https:\/\/www.lesmaconsdelacreuse.fr\/annuaires\/wp-json\/wp\/v2\/posts"}],"about":[{"href":"https:\/\/www.lesmaconsdelacreuse.fr\/annuaires\/wp-json\/wp\/v2\/types\/post"}],"author":[{"embeddable":true,"href":"https:\/\/www.lesmaconsdelacreuse.fr\/annuaires\/wp-json\/wp\/v2\/users\/2"}],"replies":[{"embeddable":true,"href":"https:\/\/www.lesmaconsdelacreuse.fr\/annuaires\/wp-json\/wp\/v2\/comments?post=37803"}],"version-history":[{"count":0,"href":"https:\/\/www.lesmaconsdelacreuse.fr\/annuaires\/wp-json\/wp\/v2\/posts\/37803\/revisions"}],"wp:attachment":[{"href":"https:\/\/www.lesmaconsdelacreuse.fr\/annuaires\/wp-json\/wp\/v2\/media?parent=37803"}],"wp:term":[{"taxonomy":"category","embeddable":true,"href":"https:\/\/www.lesmaconsdelacreuse.fr\/annuaires\/wp-json\/wp\/v2\/categories?post=37803"},{"taxonomy":"post_tag","embeddable":true,"href":"https:\/\/www.lesmaconsdelacreuse.fr\/annuaires\/wp-json\/wp\/v2\/tags?post=37803"}],"curies":[{"name":"wp","href":"https:\/\/api.w.org\/{rel}","templated":true}]}}