{"id":37805,"date":"2019-08-04T17:22:44","date_gmt":"2019-08-04T15:22:44","guid":{"rendered":"http:\/\/lesmaconsdelacreuse.fr\/annuaire\/?p=37805"},"modified":"2023-01-04T13:10:15","modified_gmt":"2023-01-04T12:10:15","slug":"m_64","status":"publish","type":"post","link":"https:\/\/www.lesmaconsdelacreuse.fr\/annuaires\/lettre-m\/m_64\/","title":{"rendered":"MAN\u00c9GRIER Jean (vers 1682-1752)"},"content":{"rendered":"<p class=\"last-updated\"><strong>Mis \u00e0 jour le :<\/strong> 27\/04\/2026<\/p><h2 style=\"text-align: center;\"><strong>Jean MAN\u00c9GRIER<\/strong><\/h2>\n<p style=\"text-align: center;\"><strong>vers 1682 &#8211; 1752<\/strong><\/p>\n<p style=\"text-align: center;\"><img decoding=\"async\" title=\"\" src=\"https:\/\/lesmaconsdelacreuse.fr\/annuaire\/wp-content\/uploads\/2019\/08\/image1-1323.jpg\" alt=\"\" data-asset-id=\"37804\" data-source-id=\"i.0\" \/><\/p>\n<h4 style=\"text-align: center;\"><strong><span style=\"color: #008000;\">ma\u00e7on<\/span> <\/strong><span style=\"color: #008000;\">et<strong> meunier<\/strong><\/span>; <span style=\"color: #008000;\"><strong>cultivateur<\/strong><\/span><\/h4>\n<p style=\"text-align: center;\"><span style=\"color: #ffffff;\">\u25d9<\/span><\/p>\n<p><strong>En 1709<\/strong><em>, Jean \u00e9pouse Jeanne <\/em><strong>MARJOULET<\/strong>\u00a0<em> (contrat Rouchon \u00e0 Bourganeuf).<\/em><\/p>\n<p><em>Veuf, il se remarie le 11 juillet <\/em><strong>1735<\/strong> <em>\u00e0 Saint-Pardoux-Lavaud avec L\u00e9onarde <\/em><strong>LESOUTRE<\/strong><em> (contrat Rouchon).<\/em><\/p>\n<p><em>Ils habitent Le Massadour, m\u00eame commune.<\/em><\/p>\n<p><em>Ils d\u00e9c\u00e8dent\u00a0:<\/em><\/p>\n<ul>\n<li><em>Jean, au Massadour, le 1er mai <\/em><strong>1752<\/strong><em>, \u00e2g\u00e9 de 70 ans environ<\/em><\/li>\n<li><em>L\u00e9onarde, \u00e0 La Faye, commune de Saint-Junien-la-Breg\u00e8re, le 19 f\u00e9vrier <\/em><strong>1766<\/strong><em>, \u00e2g\u00e9e de 80 ans environ<\/em><\/li>\n<\/ul>\n<p>S17<\/p>\n","protected":false},"excerpt":{"rendered":"<p>Mis \u00e0 jour le : 27\/04\/2026Jean MAN\u00c9GRIER vers 1682 &#8211; 1752 ma\u00e7on et meunier; cultivateur \u25d9 En 1709, Jean \u00e9pouse Jeanne MARJOULET\u00a0 (contrat Rouchon \u00e0 Bourganeuf). Veuf, il se remarie le 11 juillet 1735 \u00e0 Saint-Pardoux-Lavaud avec L\u00e9onarde LESOUTRE (contrat Rouchon). Ils habitent Le Massadour, m\u00eame commune. Ils d\u00e9c\u00e8dent\u00a0: Jean, au Massadour, le 1er mai ..<\/p>\n<div class=\"clear-fix\"><\/div>\n<p><a href=\"https:\/\/www.lesmaconsdelacreuse.fr\/annuaires\/lettre-m\/m_64\/\" title=\"Lire la suite...\">Lire la suite<\/a><\/p>\n","protected":false},"author":2,"featured_media":0,"comment_status":"closed","ping_status":"closed","sticky":false,"template":"","format":"standard","meta":{"_acf_changed":false,"_exactmetrics_skip_tracking":false,"_exactmetrics_sitenote_active":false,"_exactmetrics_sitenote_note":"","_exactmetrics_sitenote_category":0,"footnotes":""},"categories":[14],"tags":[],"class_list":["post-37805","post","type-post","status-publish","format-standard","hentry","category-lettre-m"],"acf":[],"_links":{"self":[{"href":"https:\/\/www.lesmaconsdelacreuse.fr\/annuaires\/wp-json\/wp\/v2\/posts\/37805","targetHints":{"allow":["GET"]}}],"collection":[{"href":"https:\/\/www.lesmaconsdelacreuse.fr\/annuaires\/wp-json\/wp\/v2\/posts"}],"about":[{"href":"https:\/\/www.lesmaconsdelacreuse.fr\/annuaires\/wp-json\/wp\/v2\/types\/post"}],"author":[{"embeddable":true,"href":"https:\/\/www.lesmaconsdelacreuse.fr\/annuaires\/wp-json\/wp\/v2\/users\/2"}],"replies":[{"embeddable":true,"href":"https:\/\/www.lesmaconsdelacreuse.fr\/annuaires\/wp-json\/wp\/v2\/comments?post=37805"}],"version-history":[{"count":1,"href":"https:\/\/www.lesmaconsdelacreuse.fr\/annuaires\/wp-json\/wp\/v2\/posts\/37805\/revisions"}],"predecessor-version":[{"id":203728,"href":"https:\/\/www.lesmaconsdelacreuse.fr\/annuaires\/wp-json\/wp\/v2\/posts\/37805\/revisions\/203728"}],"wp:attachment":[{"href":"https:\/\/www.lesmaconsdelacreuse.fr\/annuaires\/wp-json\/wp\/v2\/media?parent=37805"}],"wp:term":[{"taxonomy":"category","embeddable":true,"href":"https:\/\/www.lesmaconsdelacreuse.fr\/annuaires\/wp-json\/wp\/v2\/categories?post=37805"},{"taxonomy":"post_tag","embeddable":true,"href":"https:\/\/www.lesmaconsdelacreuse.fr\/annuaires\/wp-json\/wp\/v2\/tags?post=37805"}],"curies":[{"name":"wp","href":"https:\/\/api.w.org\/{rel}","templated":true}]}}