{"id":38572,"date":"2019-08-04T17:33:21","date_gmt":"2019-08-04T15:33:21","guid":{"rendered":"http:\/\/lesmaconsdelacreuse.fr\/annuaire\/?p=38572"},"modified":"2020-10-09T16:15:18","modified_gmt":"2020-10-09T14:15:18","slug":"m_865","status":"publish","type":"post","link":"https:\/\/www.lesmaconsdelacreuse.fr\/annuaires\/lettre-m\/m_865\/","title":{"rendered":"MAUREIL Jean (vers 1735\u2013apr\u00e8s 1782)"},"content":{"rendered":"<p class=\"last-updated\"><strong>Mis \u00e0 jour le :<\/strong> 23\/04\/2026<\/p><h2 style=\"text-align: center;\"><strong>Jean MAUREIL<\/strong><\/h2>\n<p style=\"text-align: center;\"><strong>vers 1735 \u2013 apr\u00e8s 1782<\/strong><\/p>\n<p style=\"text-align: center;\"><img decoding=\"async\" title=\"\" src=\"https:\/\/lesmaconsdelacreuse.fr\/annuaire\/wp-content\/uploads\/2019\/08\/image1-1435.jpg\" alt=\"\" data-asset-id=\"38570\" data-source-id=\"i.0\" \/><\/p>\n<h4 style=\"text-align: center;\"><span style=\"color: #008000;\"><strong>ma\u00e7on <\/strong>et<\/span> <strong><span style=\"color: #008000;\">laboureur<\/span> <\/strong><span style=\"color: #008000;\">et<\/span><strong>\u00a0\u25ba<span style=\"color: #008000;\"><a style=\"color: #008000;\" href=\"https:\/\/www.lesmaconsdelacreuse.fr\/annuaires\/wp-content\/uploads\/2020\/08\/FERMIER-M\u00c9TAYER.png\" target=\"_blank\" rel=\"noopener noreferrer\">m\u00e9tayer<\/a><\/span><\/strong><\/h4>\n<p>&nbsp;<\/p>\n<p style=\"text-align: center;\">n\u00e9 \u00e0 La Breg\u00e8re (Saint-Junien-la-Breg\u00e8re)\u00a0?<\/p>\n<p style=\"text-align: center;\">vers 1735<\/p>\n<p style=\"text-align: center;\">fils de<\/p>\n<p style=\"text-align: center;\">Fran\u00e7ois MAUREIL \/ Marie LEBLANC<\/p>\n<p style=\"text-align: center;\"><span style=\"color: #ffffff;\">\u25d9<\/span><\/p>\n<p><em>Jean \u00e9pouse Th\u00e9r\u00e8se <\/em><strong>FANTON <\/strong><em>le 16 f\u00e9vrier <\/em><strong>1759<\/strong><em> \u00e0 Faux-Mazuras. Ils habitent La Breg\u00e8re.<\/em><\/p>\n<p><em> Th\u00e9r\u00e8se y d\u00e9c\u00e8de le 4 juin <\/em><strong>1773<\/strong><em>, \u00e2g\u00e9e de 25 ans environ.<\/em><\/p>\n<p><em> Jean se remarie le 6 f\u00e9vrier <\/em><strong>1774<\/strong><em> \u00e0 Morterolles avec Jeanne <\/em><strong>JOUANAUD<\/strong>.<\/p>\n<p><em>Ils sont m\u00e9tayers \u00e0 La Breg\u00e8re.<\/em><\/p>\n<p>&nbsp;<\/p>\n","protected":false},"excerpt":{"rendered":"<p>Mis \u00e0 jour le : 23\/04\/2026Jean MAUREIL vers 1735 \u2013 apr\u00e8s 1782 ma\u00e7on et laboureur et\u00a0\u25bam\u00e9tayer &nbsp; n\u00e9 \u00e0 La Breg\u00e8re (Saint-Junien-la-Breg\u00e8re)\u00a0? vers 1735 fils de Fran\u00e7ois MAUREIL \/ Marie LEBLANC \u25d9 Jean \u00e9pouse Th\u00e9r\u00e8se FANTON le 16 f\u00e9vrier 1759 \u00e0 Faux-Mazuras. Ils habitent La Breg\u00e8re. Th\u00e9r\u00e8se y d\u00e9c\u00e8de le 4 juin 1773, \u00e2g\u00e9e de ..<\/p>\n<div class=\"clear-fix\"><\/div>\n<p><a href=\"https:\/\/www.lesmaconsdelacreuse.fr\/annuaires\/lettre-m\/m_865\/\" title=\"Lire la suite...\">Lire la suite<\/a><\/p>\n","protected":false},"author":2,"featured_media":0,"comment_status":"closed","ping_status":"closed","sticky":false,"template":"","format":"standard","meta":{"_acf_changed":false,"_exactmetrics_skip_tracking":false,"_exactmetrics_sitenote_active":false,"_exactmetrics_sitenote_note":"","_exactmetrics_sitenote_category":0,"footnotes":""},"categories":[14],"tags":[],"class_list":["post-38572","post","type-post","status-publish","format-standard","hentry","category-lettre-m"],"acf":[],"_links":{"self":[{"href":"https:\/\/www.lesmaconsdelacreuse.fr\/annuaires\/wp-json\/wp\/v2\/posts\/38572","targetHints":{"allow":["GET"]}}],"collection":[{"href":"https:\/\/www.lesmaconsdelacreuse.fr\/annuaires\/wp-json\/wp\/v2\/posts"}],"about":[{"href":"https:\/\/www.lesmaconsdelacreuse.fr\/annuaires\/wp-json\/wp\/v2\/types\/post"}],"author":[{"embeddable":true,"href":"https:\/\/www.lesmaconsdelacreuse.fr\/annuaires\/wp-json\/wp\/v2\/users\/2"}],"replies":[{"embeddable":true,"href":"https:\/\/www.lesmaconsdelacreuse.fr\/annuaires\/wp-json\/wp\/v2\/comments?post=38572"}],"version-history":[{"count":0,"href":"https:\/\/www.lesmaconsdelacreuse.fr\/annuaires\/wp-json\/wp\/v2\/posts\/38572\/revisions"}],"wp:attachment":[{"href":"https:\/\/www.lesmaconsdelacreuse.fr\/annuaires\/wp-json\/wp\/v2\/media?parent=38572"}],"wp:term":[{"taxonomy":"category","embeddable":true,"href":"https:\/\/www.lesmaconsdelacreuse.fr\/annuaires\/wp-json\/wp\/v2\/categories?post=38572"},{"taxonomy":"post_tag","embeddable":true,"href":"https:\/\/www.lesmaconsdelacreuse.fr\/annuaires\/wp-json\/wp\/v2\/tags?post=38572"}],"curies":[{"name":"wp","href":"https:\/\/api.w.org\/{rel}","templated":true}]}}