{"id":38586,"date":"2019-08-04T17:33:20","date_gmt":"2019-08-04T15:33:20","guid":{"rendered":"http:\/\/lesmaconsdelacreuse.fr\/annuaire\/?p=38586"},"modified":"2020-01-20T11:06:57","modified_gmt":"2020-01-20T10:06:57","slug":"m_836","status":"publish","type":"post","link":"https:\/\/www.lesmaconsdelacreuse.fr\/annuaires\/lettre-m\/m_836\/","title":{"rendered":"MOURAUD Fran\u00e7ois (1727\u20131789)"},"content":{"rendered":"<p class=\"last-updated\"><strong>Mis \u00e0 jour le :<\/strong> 23\/04\/2026<\/p><h2 style=\"text-align: center;\"><strong>Fran\u00e7ois MOURAUD<\/strong><\/h2>\n<p style=\"text-align: center;\"><strong>1727 \u2013 1789<\/strong><\/p>\n<p style=\"text-align: center;\"><img decoding=\"async\" title=\"\" src=\"https:\/\/lesmaconsdelacreuse.fr\/annuaire\/wp-content\/uploads\/2019\/08\/image1-1439.jpg\" alt=\"\" data-asset-id=\"38583\" data-source-id=\"i.0\" \/><\/p>\n<h4 style=\"text-align: center;\"><span style=\"color: #008000;\"><strong>ma\u00e7on <\/strong>et<strong> marchand<\/strong><\/span>; <span style=\"color: #008000;\"><strong>laboureur<\/strong><\/span><\/h4>\n<p style=\"text-align: center;\">n\u00e9 \u00e0 Morterolles<\/p>\n<p style=\"text-align: center;\">le 9 janvier 1727<\/p>\n<p style=\"text-align: center;\">fils de<\/p>\n<p style=\"text-align: center;\">L\u00e9onard MOURAUD \/ L\u00e9onarde JOUANAUD<\/p>\n<p style=\"text-align: center;\">laboureurs<\/p>\n<p style=\"text-align: center;\"><span style=\"color: #ffffff;\">\u25d9<\/span><\/p>\n<p><em>Fran\u00e7ois \u00e9pouse Marie <\/em><strong>PARADOUX<\/strong><em> le 10 f\u00e9vrier <\/em><strong>1744<\/strong> <em>\u00e0 Roy\u00e8re (contrat Rouchon \u00e0 Bourganeuf). Ils habitent Morterolles. <\/em><\/p>\n<p><em>Marie y d\u00e9c\u00e8de le 4 octobre <\/em><strong>1767<\/strong><em>, \u00e2g\u00e9e de 41 ans.<\/em><\/p>\n<p><em>Fran\u00e7ois se remarie le 18 f\u00e9vrier <\/em><strong>1769<\/strong><em> \u00e0 Morterolles avec Th\u00e9r\u00e8se <\/em><strong>DEL\u00c9ONET<\/strong><em>, veuve de Pierre LENAIN, ma\u00e7on. Ils habitent aussi Morterolles. <\/em><\/p>\n<p><em>Ils y d\u00e9c\u00e8dent\u00a0:<\/em><\/p>\n<ul>\n<li><em> Fran\u00e7ois, le 25 avril <\/em><strong>1789<\/strong><em>, \u00e2g\u00e9 de 62 ans<\/em><\/li>\n<li><em>Th\u00e9r\u00e8se, le 6 thermidor an XII (25 juillet <\/em><strong>1804)<\/strong><em>, \u00e2g\u00e9e de 68 ans<\/em><\/li>\n<\/ul>\n","protected":false},"excerpt":{"rendered":"<p>Mis \u00e0 jour le : 23\/04\/2026Fran\u00e7ois MOURAUD 1727 \u2013 1789 ma\u00e7on et marchand; laboureur n\u00e9 \u00e0 Morterolles le 9 janvier 1727 fils de L\u00e9onard MOURAUD \/ L\u00e9onarde JOUANAUD laboureurs \u25d9 Fran\u00e7ois \u00e9pouse Marie PARADOUX le 10 f\u00e9vrier 1744 \u00e0 Roy\u00e8re (contrat Rouchon \u00e0 Bourganeuf). Ils habitent Morterolles. Marie y d\u00e9c\u00e8de le 4 octobre 1767, \u00e2g\u00e9e ..<\/p>\n<div class=\"clear-fix\"><\/div>\n<p><a href=\"https:\/\/www.lesmaconsdelacreuse.fr\/annuaires\/lettre-m\/m_836\/\" title=\"Lire la suite...\">Lire la suite<\/a><\/p>\n","protected":false},"author":2,"featured_media":0,"comment_status":"closed","ping_status":"closed","sticky":false,"template":"","format":"standard","meta":{"_acf_changed":false,"_exactmetrics_skip_tracking":false,"_exactmetrics_sitenote_active":false,"_exactmetrics_sitenote_note":"","_exactmetrics_sitenote_category":0,"footnotes":""},"categories":[14],"tags":[],"class_list":["post-38586","post","type-post","status-publish","format-standard","hentry","category-lettre-m"],"acf":[],"_links":{"self":[{"href":"https:\/\/www.lesmaconsdelacreuse.fr\/annuaires\/wp-json\/wp\/v2\/posts\/38586","targetHints":{"allow":["GET"]}}],"collection":[{"href":"https:\/\/www.lesmaconsdelacreuse.fr\/annuaires\/wp-json\/wp\/v2\/posts"}],"about":[{"href":"https:\/\/www.lesmaconsdelacreuse.fr\/annuaires\/wp-json\/wp\/v2\/types\/post"}],"author":[{"embeddable":true,"href":"https:\/\/www.lesmaconsdelacreuse.fr\/annuaires\/wp-json\/wp\/v2\/users\/2"}],"replies":[{"embeddable":true,"href":"https:\/\/www.lesmaconsdelacreuse.fr\/annuaires\/wp-json\/wp\/v2\/comments?post=38586"}],"version-history":[{"count":0,"href":"https:\/\/www.lesmaconsdelacreuse.fr\/annuaires\/wp-json\/wp\/v2\/posts\/38586\/revisions"}],"wp:attachment":[{"href":"https:\/\/www.lesmaconsdelacreuse.fr\/annuaires\/wp-json\/wp\/v2\/media?parent=38586"}],"wp:term":[{"taxonomy":"category","embeddable":true,"href":"https:\/\/www.lesmaconsdelacreuse.fr\/annuaires\/wp-json\/wp\/v2\/categories?post=38586"},{"taxonomy":"post_tag","embeddable":true,"href":"https:\/\/www.lesmaconsdelacreuse.fr\/annuaires\/wp-json\/wp\/v2\/tags?post=38586"}],"curies":[{"name":"wp","href":"https:\/\/api.w.org\/{rel}","templated":true}]}}