{"id":38589,"date":"2019-08-04T17:33:21","date_gmt":"2019-08-04T15:33:21","guid":{"rendered":"http:\/\/lesmaconsdelacreuse.fr\/annuaire\/?p=38589"},"modified":"2020-01-20T11:06:55","modified_gmt":"2020-01-20T10:06:55","slug":"m_879","status":"publish","type":"post","link":"https:\/\/www.lesmaconsdelacreuse.fr\/annuaires\/lettre-m\/m_879\/","title":{"rendered":"MORTEROLLE Pierre (1851\u2013entre 1899 et 1936)"},"content":{"rendered":"<p class=\"last-updated\"><strong>Mis \u00e0 jour le :<\/strong> 23\/04\/2026<\/p><h2 style=\"text-align: center;\"><strong>Pierre MORTEROLLE<\/strong><\/h2>\n<p style=\"text-align: center;\"><strong>1851 \u2013 entre 1899 et 1936<\/strong><\/p>\n<p style=\"text-align: center;\"><img decoding=\"async\" title=\"\" src=\"https:\/\/lesmaconsdelacreuse.fr\/annuaire\/wp-content\/uploads\/2019\/08\/image1-1441.jpg\" alt=\"\" data-asset-id=\"38587\" data-source-id=\"i.0\" \/><\/p>\n<h4 style=\"text-align: center;\"><span style=\"color: #008000;\"><strong>ma\u00e7on<\/strong><\/span><\/h4>\n<p style=\"text-align: center;\">n\u00e9 au Mas-la-Vialle (Saint-Moreil)<\/p>\n<p style=\"text-align: center;\">le 24 ao\u00fbt 1851<\/p>\n<p style=\"text-align: center;\">fils de<\/p>\n<p style=\"text-align: center;\">Gabriel MORTEROLLE \/ Marie BALLOT<\/p>\n<p style=\"text-align: center;\">cultivateurs<\/p>\n<p style=\"text-align: center;\"><span style=\"color: #ffffff;\">\u25d9<\/span><\/p>\n<p><strong>En 1872<\/strong><em>, Pierre ayant un kyste au pied gauche, est exempt\u00e9 de service militaire.<\/em><\/p>\n<p><em>Il \u00e9pouse Marie <\/em><strong>PAQUET <\/strong><em>le 20 f\u00e9vrier <\/em><strong>1873<\/strong><em> \u00e0 Saint-Martin-Ch\u00e2teau (mari\u00e9s sans contrat). <\/em><\/p>\n<p><em>Ils habitent d\u2019abord La Vergne, m\u00eame commune. <\/em><\/p>\n<p><strong>En 1899<\/strong><em>, Pierre travaille \u00e0 <\/em><span style=\"color: #0000ff;\"><strong>Caluire (69)<\/strong><\/span><em>, et loge 155, rue Saint-Clair, tandis que son \u00e9pouse est \u00e0 Peyrat-le-Ch\u00e2teau (87). <\/em><\/p>\n<p><em>Marie d\u00e9c\u00e8de veuve \u00e0 Lagathe, commune de Saint-Martin, le 14 octobre <\/em><strong>1936<\/strong><em>, \u00e2g\u00e9e de 84 ans.<\/em><\/p>\n","protected":false},"excerpt":{"rendered":"<p>Mis \u00e0 jour le : 23\/04\/2026Pierre MORTEROLLE 1851 \u2013 entre 1899 et 1936 ma\u00e7on n\u00e9 au Mas-la-Vialle (Saint-Moreil) le 24 ao\u00fbt 1851 fils de Gabriel MORTEROLLE \/ Marie BALLOT cultivateurs \u25d9 En 1872, Pierre ayant un kyste au pied gauche, est exempt\u00e9 de service militaire. Il \u00e9pouse Marie PAQUET le 20 f\u00e9vrier 1873 \u00e0 Saint-Martin-Ch\u00e2teau ..<\/p>\n<div class=\"clear-fix\"><\/div>\n<p><a href=\"https:\/\/www.lesmaconsdelacreuse.fr\/annuaires\/lettre-m\/m_879\/\" title=\"Lire la suite...\">Lire la suite<\/a><\/p>\n","protected":false},"author":2,"featured_media":0,"comment_status":"closed","ping_status":"closed","sticky":false,"template":"","format":"standard","meta":{"_acf_changed":false,"_exactmetrics_skip_tracking":false,"_exactmetrics_sitenote_active":false,"_exactmetrics_sitenote_note":"","_exactmetrics_sitenote_category":0,"footnotes":""},"categories":[14],"tags":[],"class_list":["post-38589","post","type-post","status-publish","format-standard","hentry","category-lettre-m"],"acf":[],"_links":{"self":[{"href":"https:\/\/www.lesmaconsdelacreuse.fr\/annuaires\/wp-json\/wp\/v2\/posts\/38589","targetHints":{"allow":["GET"]}}],"collection":[{"href":"https:\/\/www.lesmaconsdelacreuse.fr\/annuaires\/wp-json\/wp\/v2\/posts"}],"about":[{"href":"https:\/\/www.lesmaconsdelacreuse.fr\/annuaires\/wp-json\/wp\/v2\/types\/post"}],"author":[{"embeddable":true,"href":"https:\/\/www.lesmaconsdelacreuse.fr\/annuaires\/wp-json\/wp\/v2\/users\/2"}],"replies":[{"embeddable":true,"href":"https:\/\/www.lesmaconsdelacreuse.fr\/annuaires\/wp-json\/wp\/v2\/comments?post=38589"}],"version-history":[{"count":0,"href":"https:\/\/www.lesmaconsdelacreuse.fr\/annuaires\/wp-json\/wp\/v2\/posts\/38589\/revisions"}],"wp:attachment":[{"href":"https:\/\/www.lesmaconsdelacreuse.fr\/annuaires\/wp-json\/wp\/v2\/media?parent=38589"}],"wp:term":[{"taxonomy":"category","embeddable":true,"href":"https:\/\/www.lesmaconsdelacreuse.fr\/annuaires\/wp-json\/wp\/v2\/categories?post=38589"},{"taxonomy":"post_tag","embeddable":true,"href":"https:\/\/www.lesmaconsdelacreuse.fr\/annuaires\/wp-json\/wp\/v2\/tags?post=38589"}],"curies":[{"name":"wp","href":"https:\/\/api.w.org\/{rel}","templated":true}]}}