{"id":38591,"date":"2019-08-04T17:33:20","date_gmt":"2019-08-04T15:33:20","guid":{"rendered":"http:\/\/lesmaconsdelacreuse.fr\/annuaire\/?p=38591"},"modified":"2021-12-14T13:58:35","modified_gmt":"2021-12-14T12:58:35","slug":"m_796","status":"publish","type":"post","link":"https:\/\/www.lesmaconsdelacreuse.fr\/annuaires\/lettre-m\/m_796\/","title":{"rendered":"MONTHIOUX L\u00e9onard (1841-1927)"},"content":{"rendered":"<p class=\"last-updated\"><strong>Mis \u00e0 jour le :<\/strong> 25\/04\/2026<\/p><h2 style=\"text-align: center;\"><strong> L\u00e9onard MONTHIOUX<\/strong><\/h2>\n<p style=\"text-align: center;\"><strong>1841 &#8211; 1927<\/strong><\/p>\n<p style=\"text-align: center;\"><img decoding=\"async\" title=\"\" src=\"https:\/\/lesmaconsdelacreuse.fr\/annuaire\/wp-content\/uploads\/2019\/08\/image1-1442.jpg\" alt=\"\" data-asset-id=\"38590\" data-source-id=\"i.0\" \/><\/p>\n<h4 style=\"text-align: center;\"><strong><span style=\"color: #008000;\">ma\u00e7on<\/span> <\/strong><span style=\"color: #008000;\">et<strong> cultivateur<\/strong><\/span><\/h4>\n<p style=\"text-align: center;\">n\u00e9 \u00e0 La Vedrenne (Saint-Moreil)<\/p>\n<p style=\"text-align: center;\">le 8 avril 1841<\/p>\n<p style=\"text-align: center;\">fils de<\/p>\n<p style=\"text-align: center;\">Georges MONTHIOUX \/ Marie FREISSEIX<\/p>\n<p style=\"text-align: center;\">propri\u00e9taires cultivateurs<\/p>\n<p style=\"text-align: center;\"><span style=\"color: #ffffff;\">\u25d9<\/span><\/p>\n<p><em>L\u00e9onard \u00e9pouse Marie Henriette <\/em><strong>BEN\u00c9TOUT<\/strong><em> le 10 avril <\/em><strong>1866<\/strong><em> \u00e0 Saint-Moreil (contrat Berger \u00e0 Bourganeuf).<\/em><\/p>\n<p><em> Ils vivent \u00e0 La Vedrenne. <\/em><\/p>\n<p><em>Ils d\u00e9c\u00e8dent aux Li\u00e9geauds, m\u00eame commune:<\/em><\/p>\n<ul>\n<li><em>L\u00e9onard, le 31 janvier <\/em><strong>1927<\/strong><em>, \u00e2g\u00e9 de 71 ans<\/em><\/li>\n<li><em>Marie, le 12 d\u00e9cembre <\/em><strong>1939<\/strong><em>, \u00e2g\u00e9e de 82 ans<\/em><\/li>\n<\/ul>\n","protected":false},"excerpt":{"rendered":"<p>Mis \u00e0 jour le : 25\/04\/2026 L\u00e9onard MONTHIOUX 1841 &#8211; 1927 ma\u00e7on et cultivateur n\u00e9 \u00e0 La Vedrenne (Saint-Moreil) le 8 avril 1841 fils de Georges MONTHIOUX \/ Marie FREISSEIX propri\u00e9taires cultivateurs \u25d9 L\u00e9onard \u00e9pouse Marie Henriette BEN\u00c9TOUT le 10 avril 1866 \u00e0 Saint-Moreil (contrat Berger \u00e0 Bourganeuf). Ils vivent \u00e0 La Vedrenne. Ils d\u00e9c\u00e8dent ..<\/p>\n<div class=\"clear-fix\"><\/div>\n<p><a href=\"https:\/\/www.lesmaconsdelacreuse.fr\/annuaires\/lettre-m\/m_796\/\" title=\"Lire la suite...\">Lire la suite<\/a><\/p>\n","protected":false},"author":2,"featured_media":0,"comment_status":"closed","ping_status":"closed","sticky":false,"template":"","format":"standard","meta":{"_acf_changed":false,"_exactmetrics_skip_tracking":false,"_exactmetrics_sitenote_active":false,"_exactmetrics_sitenote_note":"","_exactmetrics_sitenote_category":0,"footnotes":""},"categories":[14],"tags":[],"class_list":["post-38591","post","type-post","status-publish","format-standard","hentry","category-lettre-m"],"acf":[],"_links":{"self":[{"href":"https:\/\/www.lesmaconsdelacreuse.fr\/annuaires\/wp-json\/wp\/v2\/posts\/38591","targetHints":{"allow":["GET"]}}],"collection":[{"href":"https:\/\/www.lesmaconsdelacreuse.fr\/annuaires\/wp-json\/wp\/v2\/posts"}],"about":[{"href":"https:\/\/www.lesmaconsdelacreuse.fr\/annuaires\/wp-json\/wp\/v2\/types\/post"}],"author":[{"embeddable":true,"href":"https:\/\/www.lesmaconsdelacreuse.fr\/annuaires\/wp-json\/wp\/v2\/users\/2"}],"replies":[{"embeddable":true,"href":"https:\/\/www.lesmaconsdelacreuse.fr\/annuaires\/wp-json\/wp\/v2\/comments?post=38591"}],"version-history":[{"count":3,"href":"https:\/\/www.lesmaconsdelacreuse.fr\/annuaires\/wp-json\/wp\/v2\/posts\/38591\/revisions"}],"predecessor-version":[{"id":193140,"href":"https:\/\/www.lesmaconsdelacreuse.fr\/annuaires\/wp-json\/wp\/v2\/posts\/38591\/revisions\/193140"}],"wp:attachment":[{"href":"https:\/\/www.lesmaconsdelacreuse.fr\/annuaires\/wp-json\/wp\/v2\/media?parent=38591"}],"wp:term":[{"taxonomy":"category","embeddable":true,"href":"https:\/\/www.lesmaconsdelacreuse.fr\/annuaires\/wp-json\/wp\/v2\/categories?post=38591"},{"taxonomy":"post_tag","embeddable":true,"href":"https:\/\/www.lesmaconsdelacreuse.fr\/annuaires\/wp-json\/wp\/v2\/tags?post=38591"}],"curies":[{"name":"wp","href":"https:\/\/api.w.org\/{rel}","templated":true}]}}