{"id":38614,"date":"2019-08-04T17:33:19","date_gmt":"2019-08-04T15:33:19","guid":{"rendered":"http:\/\/lesmaconsdelacreuse.fr\/annuaire\/?p=38614"},"modified":"2020-02-11T12:20:00","modified_gmt":"2020-02-11T11:20:00","slug":"m_802","status":"publish","type":"post","link":"https:\/\/www.lesmaconsdelacreuse.fr\/annuaires\/lettre-m\/m_802\/","title":{"rendered":"MONTHIOUX Maurice (1875-1939)"},"content":{"rendered":"<p class=\"last-updated\"><strong>Mis \u00e0 jour le :<\/strong> 25\/04\/2026<\/p><h2 style=\"text-align: center;\"><strong>Maurice MONTHIOUX<\/strong><\/h2>\n<p style=\"text-align: center;\"><strong>1875 &#8211; 1939<\/strong><\/p>\n<p style=\"text-align: center;\"><img decoding=\"async\" title=\"\" src=\"https:\/\/lesmaconsdelacreuse.fr\/annuaire\/wp-content\/uploads\/2019\/08\/image1-1452.jpg\" alt=\"\" data-asset-id=\"38611\" data-source-id=\"i.0\" \/><\/p>\n<h4 style=\"text-align: center;\"><span style=\"color: #008000;\"><strong>ma\u00e7on<\/strong><\/span><\/h4>\n<p style=\"text-align: center;\">n\u00e9 au Montingo\u00fbt (Saint-Moreil)<\/p>\n<p style=\"text-align: center;\">le 21 ao\u00fbt 1875<\/p>\n<p style=\"text-align: center;\">fils de<\/p>\n<p style=\"text-align: center;\">Jean MONTHIOUX, <span style=\"color: #008000;\"><strong>ma\u00e7on<\/strong><\/span><\/p>\n<p style=\"text-align: center;\">Jeanne SARTOUT, cultivatrice<\/p>\n<p style=\"text-align: center;\"><span style=\"color: #ffffff;\">\u25d9<\/span><\/p>\n<p><strong>En 1896<\/strong><em>, \u25ba<a target=\"_blank\"href=\"https:\/\/www.lesmaconsdelacreuse.fr\/annuaires\/\/wp-content\/uploads\/PHOTOS_-_CARTES_POSTALES\/MONTHIOUX_Maurice_en_famille_.JPG\">Maurice<\/a> travaille dans le <\/em><span style=\"color: #0000ff;\"><strong>Rh\u00f4ne <\/strong><\/span><em>et passe le conseil de r\u00e9vision.<\/em><\/p>\n<p><strong>En 1900<\/strong><em>, il est \u00e0 <\/em><span style=\"color: #0000ff;\"><strong>Tarare (69)<\/strong><\/span><em>\u00a0;<\/em><\/p>\n<p><strong>en 1905<\/strong><em>, \u00e0 <\/em><span style=\"color: #0000ff;\"><strong>Lyon (69)<\/strong><\/span><em>, 15, rue Moncey.<\/em><\/p>\n<p><em> Il \u00e9pouse Julie \u00c9zilda <\/em><strong>LAIN\u00c9 <\/strong><em>le 15 f\u00e9vrier <\/em><strong>1906<\/strong> <em>\u00e0 Roy\u00e8re (mari\u00e9s sans contrat). <\/em><\/p>\n<p><strong>En 1907<\/strong><em>, ils habitent Lyon, 95, rue de Sully\u00a0;<\/em><\/p>\n<p><strong>en 1909<\/strong><em>, 112, rue Garibaldi\u00a0;<\/em><\/p>\n<p><strong>en 1912<\/strong><em>, 137, rue Boileau. <\/em><\/p>\n<p><strong>En 1919<\/strong><em>, ils sont aux Rouardes, commune de <\/em><span style=\"color: #0000ff;\"><strong>Saint-Paul-en-Jarez<\/strong> <strong>(42)<\/strong><\/span><em><span style=\"color: #0000ff;\">\u00a0<\/span>;<\/em><\/p>\n<p><strong>en 1921<\/strong><em>, \u00e0 <\/em><span style=\"color: #0000ff;\"><strong>Oullins (69)<\/strong><\/span><em>, 13, boulevard de l\u2019 Yzeron. <\/em><\/p>\n<p><em>Ils d\u00e9c\u00e8dent au bourg de Saint-Moreil\u00a0:<\/em><\/p>\n<ul>\n<li><em>Maurice, le 30 d\u00e9cembre <\/em><strong>1939<\/strong><em>, \u00e2g\u00e9 de 64 ans<\/em><\/li>\n<li><em>\u00c9zilda, le 16 juin <\/em><strong>1964<\/strong><em>, \u00e2g\u00e9e de 84 ans<\/em><\/li>\n<\/ul>\n","protected":false},"excerpt":{"rendered":"<p>Mis \u00e0 jour le : 25\/04\/2026Maurice MONTHIOUX 1875 &#8211; 1939 ma\u00e7on n\u00e9 au Montingo\u00fbt (Saint-Moreil) le 21 ao\u00fbt 1875 fils de Jean MONTHIOUX, ma\u00e7on Jeanne SARTOUT, cultivatrice \u25d9 En 1896, \u25baMaurice travaille dans le Rh\u00f4ne et passe le conseil de r\u00e9vision. En 1900, il est \u00e0 Tarare (69)\u00a0; en 1905, \u00e0 Lyon (69), 15, rue ..<\/p>\n<div class=\"clear-fix\"><\/div>\n<p><a href=\"https:\/\/www.lesmaconsdelacreuse.fr\/annuaires\/lettre-m\/m_802\/\" title=\"Lire la suite...\">Lire la suite<\/a><\/p>\n","protected":false},"author":2,"featured_media":0,"comment_status":"closed","ping_status":"closed","sticky":false,"template":"","format":"standard","meta":{"_acf_changed":false,"_exactmetrics_skip_tracking":false,"_exactmetrics_sitenote_active":false,"_exactmetrics_sitenote_note":"","_exactmetrics_sitenote_category":0,"footnotes":""},"categories":[14],"tags":[],"class_list":["post-38614","post","type-post","status-publish","format-standard","hentry","category-lettre-m"],"acf":[],"_links":{"self":[{"href":"https:\/\/www.lesmaconsdelacreuse.fr\/annuaires\/wp-json\/wp\/v2\/posts\/38614","targetHints":{"allow":["GET"]}}],"collection":[{"href":"https:\/\/www.lesmaconsdelacreuse.fr\/annuaires\/wp-json\/wp\/v2\/posts"}],"about":[{"href":"https:\/\/www.lesmaconsdelacreuse.fr\/annuaires\/wp-json\/wp\/v2\/types\/post"}],"author":[{"embeddable":true,"href":"https:\/\/www.lesmaconsdelacreuse.fr\/annuaires\/wp-json\/wp\/v2\/users\/2"}],"replies":[{"embeddable":true,"href":"https:\/\/www.lesmaconsdelacreuse.fr\/annuaires\/wp-json\/wp\/v2\/comments?post=38614"}],"version-history":[{"count":0,"href":"https:\/\/www.lesmaconsdelacreuse.fr\/annuaires\/wp-json\/wp\/v2\/posts\/38614\/revisions"}],"wp:attachment":[{"href":"https:\/\/www.lesmaconsdelacreuse.fr\/annuaires\/wp-json\/wp\/v2\/media?parent=38614"}],"wp:term":[{"taxonomy":"category","embeddable":true,"href":"https:\/\/www.lesmaconsdelacreuse.fr\/annuaires\/wp-json\/wp\/v2\/categories?post=38614"},{"taxonomy":"post_tag","embeddable":true,"href":"https:\/\/www.lesmaconsdelacreuse.fr\/annuaires\/wp-json\/wp\/v2\/tags?post=38614"}],"curies":[{"name":"wp","href":"https:\/\/api.w.org\/{rel}","templated":true}]}}