{"id":38623,"date":"2019-08-04T17:33:18","date_gmt":"2019-08-04T15:33:18","guid":{"rendered":"http:\/\/lesmaconsdelacreuse.fr\/annuaire\/?p=38623"},"modified":"2020-01-20T11:06:59","modified_gmt":"2020-01-20T10:06:59","slug":"m_795","status":"publish","type":"post","link":"https:\/\/www.lesmaconsdelacreuse.fr\/annuaires\/lettre-m\/m_795\/","title":{"rendered":"MONTHIOUX L\u00e9onard (1840-1881)"},"content":{"rendered":"<p class=\"last-updated\"><strong>Mis \u00e0 jour le :<\/strong> 25\/04\/2026<\/p><h2 style=\"text-align: center;\"><strong>L\u00e9onard MONTHIOUX<\/strong><\/h2>\n<p style=\"text-align: center;\"><strong>1840 &#8211; 1881<\/strong><\/p>\n<p style=\"text-align: center;\"><img decoding=\"async\" title=\"\" src=\"https:\/\/lesmaconsdelacreuse.fr\/annuaire\/wp-content\/uploads\/2019\/08\/image1-1457.jpg\" alt=\"\" data-asset-id=\"38621\" data-source-id=\"i.0\" \/><\/p>\n<h4 style=\"text-align: center;\"><strong><span style=\"color: #008000;\">ma\u00e7on<\/span> <\/strong><span style=\"color: #008000;\">et<strong> cultivateur<\/strong><\/span><\/h4>\n<p style=\"text-align: center;\">n\u00e9 \u00e0 La Vedrenne (Saint-Moreil)<\/p>\n<p style=\"text-align: center;\">le 21 novembre 1840<\/p>\n<p style=\"text-align: center;\">fils de<\/p>\n<p style=\"text-align: center;\">L\u00e9onard MONTHIOUX \/ Madeleine BAREIRAUD<\/p>\n<p style=\"text-align: center;\">propri\u00e9taires cultivateurs<\/p>\n<p style=\"text-align: center;\"><span style=\"color: #ffffff;\">\u25d9<\/span><\/p>\n<p><strong>En 1861<\/strong><em>, L\u00e9onard est exempt\u00e9 de service militaire pour mauvaise vue. Il a aussi une foulure du pied droit.<\/em><\/p>\n<p><em>Il \u00e9pouse Anne <\/em><strong>SABAILLAS<\/strong><em> le 28 avril <\/em><strong>1863<\/strong> <em>\u00e0 Saint-Moreil (contrat Berger \u00e0 Bourganeuf). Ils habitent La Vedrenne, commune de Saint-Moreil.<\/em><\/p>\n<p><em> Ils y d\u00e9c\u00e8dent\u00a0:<\/em><\/p>\n<ul>\n<li><em>L\u00e9onard, le 29 d\u00e9cembre <\/em><strong>1881<\/strong><em>, \u00e2g\u00e9 de 41 ans<\/em><\/li>\n<li><em>Anne, le 21 novembre <\/em><strong>1914<\/strong>,<em> \u00e2g\u00e9e de 71 ans<\/em><\/li>\n<\/ul>\n","protected":false},"excerpt":{"rendered":"<p>Mis \u00e0 jour le : 25\/04\/2026L\u00e9onard MONTHIOUX 1840 &#8211; 1881 ma\u00e7on et cultivateur n\u00e9 \u00e0 La Vedrenne (Saint-Moreil) le 21 novembre 1840 fils de L\u00e9onard MONTHIOUX \/ Madeleine BAREIRAUD propri\u00e9taires cultivateurs \u25d9 En 1861, L\u00e9onard est exempt\u00e9 de service militaire pour mauvaise vue. Il a aussi une foulure du pied droit. Il \u00e9pouse Anne SABAILLAS ..<\/p>\n<div class=\"clear-fix\"><\/div>\n<p><a href=\"https:\/\/www.lesmaconsdelacreuse.fr\/annuaires\/lettre-m\/m_795\/\" title=\"Lire la suite...\">Lire la suite<\/a><\/p>\n","protected":false},"author":2,"featured_media":0,"comment_status":"closed","ping_status":"closed","sticky":false,"template":"","format":"standard","meta":{"_acf_changed":false,"_exactmetrics_skip_tracking":false,"_exactmetrics_sitenote_active":false,"_exactmetrics_sitenote_note":"","_exactmetrics_sitenote_category":0,"footnotes":""},"categories":[14],"tags":[],"class_list":["post-38623","post","type-post","status-publish","format-standard","hentry","category-lettre-m"],"acf":[],"_links":{"self":[{"href":"https:\/\/www.lesmaconsdelacreuse.fr\/annuaires\/wp-json\/wp\/v2\/posts\/38623","targetHints":{"allow":["GET"]}}],"collection":[{"href":"https:\/\/www.lesmaconsdelacreuse.fr\/annuaires\/wp-json\/wp\/v2\/posts"}],"about":[{"href":"https:\/\/www.lesmaconsdelacreuse.fr\/annuaires\/wp-json\/wp\/v2\/types\/post"}],"author":[{"embeddable":true,"href":"https:\/\/www.lesmaconsdelacreuse.fr\/annuaires\/wp-json\/wp\/v2\/users\/2"}],"replies":[{"embeddable":true,"href":"https:\/\/www.lesmaconsdelacreuse.fr\/annuaires\/wp-json\/wp\/v2\/comments?post=38623"}],"version-history":[{"count":0,"href":"https:\/\/www.lesmaconsdelacreuse.fr\/annuaires\/wp-json\/wp\/v2\/posts\/38623\/revisions"}],"wp:attachment":[{"href":"https:\/\/www.lesmaconsdelacreuse.fr\/annuaires\/wp-json\/wp\/v2\/media?parent=38623"}],"wp:term":[{"taxonomy":"category","embeddable":true,"href":"https:\/\/www.lesmaconsdelacreuse.fr\/annuaires\/wp-json\/wp\/v2\/categories?post=38623"},{"taxonomy":"post_tag","embeddable":true,"href":"https:\/\/www.lesmaconsdelacreuse.fr\/annuaires\/wp-json\/wp\/v2\/tags?post=38623"}],"curies":[{"name":"wp","href":"https:\/\/api.w.org\/{rel}","templated":true}]}}