{"id":38625,"date":"2019-08-04T17:33:18","date_gmt":"2019-08-04T15:33:18","guid":{"rendered":"http:\/\/lesmaconsdelacreuse.fr\/annuaire\/?p=38625"},"modified":"2020-01-20T11:06:59","modified_gmt":"2020-01-20T10:06:59","slug":"m_835","status":"publish","type":"post","link":"https:\/\/www.lesmaconsdelacreuse.fr\/annuaires\/lettre-m\/m_835\/","title":{"rendered":"MOURAUD Fran\u00e7ois (1724\u2013avant 1769)"},"content":{"rendered":"<p class=\"last-updated\"><strong>Mis \u00e0 jour le :<\/strong> 25\/04\/2026<\/p><h2 style=\"text-align: center;\"><strong>Fran\u00e7ois MOURAUD<\/strong><\/h2>\n<p style=\"text-align: center;\"><strong>1724 \u2013 avant 1769<\/strong><\/p>\n<p style=\"text-align: center;\"><img decoding=\"async\" title=\"\" src=\"https:\/\/lesmaconsdelacreuse.fr\/annuaire\/wp-content\/uploads\/2019\/08\/image1-1458.jpg\" alt=\"\" data-asset-id=\"38622\" data-source-id=\"i.0\" \/><\/p>\n<h4 style=\"text-align: center;\"><span style=\"color: #008000;\"><strong>ma\u00e7on <\/strong>et<strong> cultivateur<\/strong><\/span><\/h4>\n<p style=\"text-align: center;\">n\u00e9 \u00e0 Rieublanc (Morterolles)<\/p>\n<p style=\"text-align: center;\">le 7 septembre 1724<\/p>\n<p style=\"text-align: center;\">fils de<\/p>\n<p style=\"text-align: center;\">Antoine MOURAUD, <span style=\"color: #008000;\"><strong>ma\u00e7on <\/strong><\/span><strong>\/ <\/strong>L\u00e9onarde BORD<\/p>\n<p style=\"text-align: center;\"><span style=\"color: #ffffff;\">\u25d9<\/span><\/p>\n<p><em>Fran\u00e7ois \u00e9pouse Marie <\/em><strong>TIXIER<\/strong><em> le 26 f\u00e9vrier <\/em><strong>1748<\/strong><em> \u00e0 Roy\u00e8re (contrat Rouchon \u00e0 Bourganeuf l\u2019ann\u00e9e suivante).<\/em><\/p>\n<p><em>Ils habitent La Mazure, paroisse de Roy\u00e8re.<\/em><\/p>\n","protected":false},"excerpt":{"rendered":"<p>Mis \u00e0 jour le : 25\/04\/2026Fran\u00e7ois MOURAUD 1724 \u2013 avant 1769 ma\u00e7on et cultivateur n\u00e9 \u00e0 Rieublanc (Morterolles) le 7 septembre 1724 fils de Antoine MOURAUD, ma\u00e7on \/ L\u00e9onarde BORD \u25d9 Fran\u00e7ois \u00e9pouse Marie TIXIER le 26 f\u00e9vrier 1748 \u00e0 Roy\u00e8re (contrat Rouchon \u00e0 Bourganeuf l\u2019ann\u00e9e suivante). Ils habitent La Mazure, paroisse d..<\/p>\n<div class=\"clear-fix\"><\/div>\n<p><a href=\"https:\/\/www.lesmaconsdelacreuse.fr\/annuaires\/lettre-m\/m_835\/\" title=\"Lire la suite...\">Lire la suite<\/a><\/p>\n","protected":false},"author":2,"featured_media":0,"comment_status":"closed","ping_status":"closed","sticky":false,"template":"","format":"standard","meta":{"_acf_changed":false,"_exactmetrics_skip_tracking":false,"_exactmetrics_sitenote_active":false,"_exactmetrics_sitenote_note":"","_exactmetrics_sitenote_category":0,"footnotes":""},"categories":[14],"tags":[],"class_list":["post-38625","post","type-post","status-publish","format-standard","hentry","category-lettre-m"],"acf":[],"_links":{"self":[{"href":"https:\/\/www.lesmaconsdelacreuse.fr\/annuaires\/wp-json\/wp\/v2\/posts\/38625","targetHints":{"allow":["GET"]}}],"collection":[{"href":"https:\/\/www.lesmaconsdelacreuse.fr\/annuaires\/wp-json\/wp\/v2\/posts"}],"about":[{"href":"https:\/\/www.lesmaconsdelacreuse.fr\/annuaires\/wp-json\/wp\/v2\/types\/post"}],"author":[{"embeddable":true,"href":"https:\/\/www.lesmaconsdelacreuse.fr\/annuaires\/wp-json\/wp\/v2\/users\/2"}],"replies":[{"embeddable":true,"href":"https:\/\/www.lesmaconsdelacreuse.fr\/annuaires\/wp-json\/wp\/v2\/comments?post=38625"}],"version-history":[{"count":0,"href":"https:\/\/www.lesmaconsdelacreuse.fr\/annuaires\/wp-json\/wp\/v2\/posts\/38625\/revisions"}],"wp:attachment":[{"href":"https:\/\/www.lesmaconsdelacreuse.fr\/annuaires\/wp-json\/wp\/v2\/media?parent=38625"}],"wp:term":[{"taxonomy":"category","embeddable":true,"href":"https:\/\/www.lesmaconsdelacreuse.fr\/annuaires\/wp-json\/wp\/v2\/categories?post=38625"},{"taxonomy":"post_tag","embeddable":true,"href":"https:\/\/www.lesmaconsdelacreuse.fr\/annuaires\/wp-json\/wp\/v2\/tags?post=38625"}],"curies":[{"name":"wp","href":"https:\/\/api.w.org\/{rel}","templated":true}]}}