{"id":38629,"date":"2019-08-04T17:33:18","date_gmt":"2019-08-04T15:33:18","guid":{"rendered":"http:\/\/lesmaconsdelacreuse.fr\/annuaire\/?p=38629"},"modified":"2020-01-20T11:06:59","modified_gmt":"2020-01-20T10:06:59","slug":"m_867","status":"publish","type":"post","link":"https:\/\/www.lesmaconsdelacreuse.fr\/annuaires\/lettre-m\/m_867\/","title":{"rendered":"MOREIL Jean (1847-1886)"},"content":{"rendered":"<p class=\"last-updated\"><strong>Mis \u00e0 jour le :<\/strong> 25\/04\/2026<\/p><h2 style=\"text-align: center;\"><strong>Jean MOREIL<\/strong><\/h2>\n<p style=\"text-align: center;\"><strong>1847 &#8211; 1886<\/strong><\/p>\n<p style=\"text-align: center;\"><img decoding=\"async\" title=\"\" src=\"https:\/\/lesmaconsdelacreuse.fr\/annuaire\/wp-content\/uploads\/2019\/08\/image1-1459.jpg\" alt=\"\" data-asset-id=\"38626\" data-source-id=\"i.0\" \/><\/p>\n<h4 style=\"text-align: center;\"><span style=\"color: #008000;\"><strong>ma\u00e7on<\/strong><\/span><\/h4>\n<p style=\"text-align: center;\">n\u00e9 \u00e0 Favareillas (Saint-Martin-Ch\u00e2teau)<\/p>\n<p style=\"text-align: center;\">le 27 ao\u00fbt 1847<\/p>\n<p style=\"text-align: center;\">fils de<\/p>\n<p style=\"text-align: center;\">Jean MOREIL, <span style=\"color: #008000;\"><strong>ma\u00e7on<\/strong><\/span><\/p>\n<p style=\"text-align: center;\">Th\u00e9r\u00e8se PITANCE, cultivatrice<\/p>\n<p style=\"text-align: center;\"><span style=\"color: #ffffff;\">\u25d9<\/span><\/p>\n<p><em>Jean \u00e9pouse Anne <\/em><strong>MOURNE<\/strong><em> le 31 janvier <\/em><strong>1876<\/strong><em> \u00e0 Saint-Martin (contrat Magadoux). Ils habitent Saint-Martin.<\/em><\/p>\n<p><strong>En 1886<\/strong><em>, Jean travaille \u00e0 <\/em><span style=\"color: #0000ff;\"><strong>Paris (75) <\/strong><\/span><em> et loge 20, rue Roussel.<\/em><\/p>\n<p><em>Il d\u00e9c\u00e8de \u00e0 Neuilly (92), 40, rue de Ch\u00e9zy, le 13 juin de la m\u00eame ann\u00e9e, \u00e2g\u00e9 de 38 ans. La d\u00e9claration de d\u00e9c\u00e8s est faite par deux sergents de ville, ce qui laisse pr\u00e9sumer une mort accidentelle.<\/em><\/p>\n<p><em>Anne d\u00e9c\u00e8de \u00e0 Favareillas le 13 mai <\/em><strong>1930<\/strong><em>, \u00e2g\u00e9e de 75 ans.<\/em><\/p>\n","protected":false},"excerpt":{"rendered":"<p>Mis \u00e0 jour le : 25\/04\/2026Jean MOREIL 1847 &#8211; 1886 ma\u00e7on n\u00e9 \u00e0 Favareillas (Saint-Martin-Ch\u00e2teau) le 27 ao\u00fbt 1847 fils de Jean MOREIL, ma\u00e7on Th\u00e9r\u00e8se PITANCE, cultivatrice \u25d9 Jean \u00e9pouse Anne MOURNE le 31 janvier 1876 \u00e0 Saint-Martin (contrat Magadoux). Ils habitent Saint-Martin. En 1886, Jean travaille \u00e0 Paris (75) et loge 20, rue Roussel. ..<\/p>\n<div class=\"clear-fix\"><\/div>\n<p><a href=\"https:\/\/www.lesmaconsdelacreuse.fr\/annuaires\/lettre-m\/m_867\/\" title=\"Lire la suite...\">Lire la suite<\/a><\/p>\n","protected":false},"author":2,"featured_media":0,"comment_status":"closed","ping_status":"closed","sticky":false,"template":"","format":"standard","meta":{"_acf_changed":false,"_exactmetrics_skip_tracking":false,"_exactmetrics_sitenote_active":false,"_exactmetrics_sitenote_note":"","_exactmetrics_sitenote_category":0,"footnotes":""},"categories":[14],"tags":[],"class_list":["post-38629","post","type-post","status-publish","format-standard","hentry","category-lettre-m"],"acf":[],"_links":{"self":[{"href":"https:\/\/www.lesmaconsdelacreuse.fr\/annuaires\/wp-json\/wp\/v2\/posts\/38629","targetHints":{"allow":["GET"]}}],"collection":[{"href":"https:\/\/www.lesmaconsdelacreuse.fr\/annuaires\/wp-json\/wp\/v2\/posts"}],"about":[{"href":"https:\/\/www.lesmaconsdelacreuse.fr\/annuaires\/wp-json\/wp\/v2\/types\/post"}],"author":[{"embeddable":true,"href":"https:\/\/www.lesmaconsdelacreuse.fr\/annuaires\/wp-json\/wp\/v2\/users\/2"}],"replies":[{"embeddable":true,"href":"https:\/\/www.lesmaconsdelacreuse.fr\/annuaires\/wp-json\/wp\/v2\/comments?post=38629"}],"version-history":[{"count":0,"href":"https:\/\/www.lesmaconsdelacreuse.fr\/annuaires\/wp-json\/wp\/v2\/posts\/38629\/revisions"}],"wp:attachment":[{"href":"https:\/\/www.lesmaconsdelacreuse.fr\/annuaires\/wp-json\/wp\/v2\/media?parent=38629"}],"wp:term":[{"taxonomy":"category","embeddable":true,"href":"https:\/\/www.lesmaconsdelacreuse.fr\/annuaires\/wp-json\/wp\/v2\/categories?post=38629"},{"taxonomy":"post_tag","embeddable":true,"href":"https:\/\/www.lesmaconsdelacreuse.fr\/annuaires\/wp-json\/wp\/v2\/tags?post=38629"}],"curies":[{"name":"wp","href":"https:\/\/api.w.org\/{rel}","templated":true}]}}