{"id":38632,"date":"2019-08-04T17:33:18","date_gmt":"2019-08-04T15:33:18","guid":{"rendered":"http:\/\/lesmaconsdelacreuse.fr\/annuaire\/?p=38632"},"modified":"2020-10-12T14:36:15","modified_gmt":"2020-10-12T12:36:15","slug":"m_858","status":"publish","type":"post","link":"https:\/\/www.lesmaconsdelacreuse.fr\/annuaires\/lettre-m\/m_858\/","title":{"rendered":"MOREIL Antoine (1816\u20131862)"},"content":{"rendered":"<p class=\"last-updated\"><strong>Mis \u00e0 jour le :<\/strong> 25\/04\/2026<\/p><h2 style=\"text-align: center;\"><strong>Antoine MOREIL<\/strong><\/h2>\n<p style=\"text-align: center;\"><strong>1816 \u2013 1862<\/strong><\/p>\n<p style=\"text-align: center;\"><img decoding=\"async\" title=\"\" src=\"https:\/\/lesmaconsdelacreuse.fr\/annuaire\/wp-content\/uploads\/2019\/08\/image1-1461.jpg\" alt=\"\" data-asset-id=\"38631\" data-source-id=\"i.0\" \/><\/p>\n<h4 style=\"text-align: center;\"><strong><span style=\"color: #008000;\">\u25ba\u00a0<a href=\"https:\/\/www.lesmaconsdelacreuse.fr\/annuaires\/wp-content\/uploads\/2020\/07\/MA\u00ceTRE-MA\u00c7ON.png\" target=\"_blank\" rel=\"noopener noreferrer\"><span style=\"color: #008000;\">ma\u00eetre ma\u00e7on<\/span><\/a><\/span><\/strong><\/h4>\n<p>&nbsp;<\/p>\n<p style=\"text-align: center;\">n\u00e9 \u00e0 Auzoux (Roy\u00e8re)<\/p>\n<p style=\"text-align: center;\">le 1er ao\u00fbt 1816<\/p>\n<p style=\"text-align: center;\">fils de<\/p>\n<p style=\"text-align: center;\">\u00c9tienne MOREIL, <span style=\"color: #008000;\"><strong>ma\u00e7on<\/strong><\/span><\/p>\n<p style=\"text-align: center;\">Fran\u00e7oise GOURDY, cultivatrice<\/p>\n<p style=\"text-align: center;\"><span style=\"color: #ffffff;\">\u25d9<\/span><\/p>\n<p><em>Antoine, <\/em><span style=\"color: #008000;\"><strong>ma\u00e7on<\/strong><\/span><em>, \u00e9pouse Marie <\/em><strong>DUGAUD<\/strong><em> le 27 f\u00e9vrier <\/em><strong>1837<\/strong> <em>\u00e0 Saint-Marc-\u00e0-Loubaud (contrat Toumieux \u00e0 Roy\u00e8re).<\/em><\/p>\n<p><em>Marie d\u00e9c\u00e8de \u00e0 Saint-Marc le 27 f\u00e9vrier <\/em><strong>1838<\/strong><em>, \u00e2g\u00e9e de 16 ans environ.<\/em><\/p>\n<p><em> Antoine se remarie le 20 f\u00e9vrier <\/em><strong>1840<\/strong>,<em> aussi \u00e0 Saint-Marc, avec Gabrielle <\/em><strong>DUGAUD<\/strong><em>, sa belle-s\u0153ur (mariage autoris\u00e9 par dispense royale).<\/em><\/p>\n<p><em>Gabrielle d\u00e9c\u00e8de aussi \u00e0 Saint-Marc le 30 mars <\/em><strong>1851<\/strong><em>, \u00e2g\u00e9e de 26 ans.<\/em><\/p>\n<p><em> Antoine \u00e9pouse alors Fran\u00e7oise <\/em><strong>LECLERC<\/strong><em> le 13 mars <\/em><strong>1854<\/strong><em> \u00e0 Saint-Marc (contrat Vigier \u00e0 Valli\u00e8re). <\/em><\/p>\n<p><em>Fran\u00e7oise y d\u00e9c\u00e8de le 17 novembre <\/em><strong>1855<\/strong><em>, \u00e2g\u00e9e de 23 ans.<\/em><\/p>\n<p><strong>En 1862<\/strong><em>, Antoine travaille \u00e0 <\/em><span style=\"color: #0000ff;\"><strong>Belleville (69)<\/strong><\/span><em> et loge chez le sieur Faussadier, rue de la T\u00eate Noire.<\/em><\/p>\n<p><span style=\"color: #008000;\"><strong>Ma\u00eetre ma\u00e7on<\/strong><\/span><em>, il d\u00e9c\u00e8de \u00e0 cette adresse le 11 septembre de la m\u00eame ann\u00e9e \u00e2g\u00e9 de 46 ans.<\/em><\/p>\n<p>&nbsp;<\/p>\n","protected":false},"excerpt":{"rendered":"<p>Mis \u00e0 jour le : 25\/04\/2026Antoine MOREIL 1816 \u2013 1862 \u25ba\u00a0ma\u00eetre ma\u00e7on &nbsp; n\u00e9 \u00e0 Auzoux (Roy\u00e8re) le 1er ao\u00fbt 1816 fils de \u00c9tienne MOREIL, ma\u00e7on Fran\u00e7oise GOURDY, cultivatrice \u25d9 Antoine, ma\u00e7on, \u00e9pouse Marie DUGAUD le 27 f\u00e9vrier 1837 \u00e0 Saint-Marc-\u00e0-Loubaud (contrat Toumieux \u00e0 Roy\u00e8re). Marie d\u00e9c\u00e8de \u00e0 Saint-Marc le 27 f\u00e9vrier 1838, \u00e2g\u00e9e de ..<\/p>\n<div class=\"clear-fix\"><\/div>\n<p><a href=\"https:\/\/www.lesmaconsdelacreuse.fr\/annuaires\/lettre-m\/m_858\/\" title=\"Lire la suite...\">Lire la suite<\/a><\/p>\n","protected":false},"author":2,"featured_media":0,"comment_status":"closed","ping_status":"closed","sticky":false,"template":"","format":"standard","meta":{"_acf_changed":false,"_exactmetrics_skip_tracking":false,"_exactmetrics_sitenote_active":false,"_exactmetrics_sitenote_note":"","_exactmetrics_sitenote_category":0,"footnotes":""},"categories":[14],"tags":[],"class_list":["post-38632","post","type-post","status-publish","format-standard","hentry","category-lettre-m"],"acf":[],"_links":{"self":[{"href":"https:\/\/www.lesmaconsdelacreuse.fr\/annuaires\/wp-json\/wp\/v2\/posts\/38632","targetHints":{"allow":["GET"]}}],"collection":[{"href":"https:\/\/www.lesmaconsdelacreuse.fr\/annuaires\/wp-json\/wp\/v2\/posts"}],"about":[{"href":"https:\/\/www.lesmaconsdelacreuse.fr\/annuaires\/wp-json\/wp\/v2\/types\/post"}],"author":[{"embeddable":true,"href":"https:\/\/www.lesmaconsdelacreuse.fr\/annuaires\/wp-json\/wp\/v2\/users\/2"}],"replies":[{"embeddable":true,"href":"https:\/\/www.lesmaconsdelacreuse.fr\/annuaires\/wp-json\/wp\/v2\/comments?post=38632"}],"version-history":[{"count":0,"href":"https:\/\/www.lesmaconsdelacreuse.fr\/annuaires\/wp-json\/wp\/v2\/posts\/38632\/revisions"}],"wp:attachment":[{"href":"https:\/\/www.lesmaconsdelacreuse.fr\/annuaires\/wp-json\/wp\/v2\/media?parent=38632"}],"wp:term":[{"taxonomy":"category","embeddable":true,"href":"https:\/\/www.lesmaconsdelacreuse.fr\/annuaires\/wp-json\/wp\/v2\/categories?post=38632"},{"taxonomy":"post_tag","embeddable":true,"href":"https:\/\/www.lesmaconsdelacreuse.fr\/annuaires\/wp-json\/wp\/v2\/tags?post=38632"}],"curies":[{"name":"wp","href":"https:\/\/api.w.org\/{rel}","templated":true}]}}