{"id":38637,"date":"2019-08-04T17:33:18","date_gmt":"2019-08-04T15:33:18","guid":{"rendered":"http:\/\/lesmaconsdelacreuse.fr\/annuaire\/?p=38637"},"modified":"2020-10-08T14:37:20","modified_gmt":"2020-10-08T12:37:20","slug":"m_859","status":"publish","type":"post","link":"https:\/\/www.lesmaconsdelacreuse.fr\/annuaires\/lettre-m\/m_859\/","title":{"rendered":"MOREIL Antoine Charles (1875\u20131932)"},"content":{"rendered":"<p class=\"last-updated\"><strong>Mis \u00e0 jour le :<\/strong> 25\/04\/2026<\/p><h2 style=\"text-align: center;\"><strong>Antoine Charles MOREIL<\/strong><\/h2>\n<p style=\"text-align: center;\"><strong>Charles MOREIL<\/strong><\/p>\n<p style=\"text-align: center;\"><strong>1875 \u2013 1932<\/strong><\/p>\n<p style=\"text-align: center;\"><img decoding=\"async\" title=\"\" src=\"https:\/\/lesmaconsdelacreuse.fr\/annuaire\/wp-content\/uploads\/2019\/08\/image1-1462.jpg\" alt=\"\" data-asset-id=\"38634\" data-source-id=\"i.0\" \/><\/p>\n<h4 style=\"text-align: center;\"><strong><em>\u25ba<\/em><a href=\"https:\/\/www.lesmaconsdelacreuse.fr\/annuaires\/wp-content\/uploads\/2020\/08\/CONTREMAITRE-MA\u00c7ON.png\" target=\"_blank\" rel=\"noopener noreferrer\"><span style=\"color: #008000;\">contrema\u00eetre<\/span><\/a><a href=\"https:\/\/www.lesmaconsdelacreuse.fr\/annuaires\/\/wp-content\/uploads\/LEXIQUE\/CONTREMAITRE_MACON.pdf\" target=\"_blank\" rel=\"noopener noreferrer\"><span style=\"color: #008000;\">\u00a0ma\u00e7on<\/span><\/a><\/strong>; <span style=\"color: #008000;\"><strong>propri\u00e9taire cultivateur<\/strong><\/span><\/h4>\n<p>&nbsp;<\/p>\n<p style=\"text-align: center;\">n\u00e9 \u00e0 Grandrieux (Saint-Martin-Ch\u00e2teau)<\/p>\n<p style=\"text-align: center;\">le 9 septembre 1875<\/p>\n<p style=\"text-align: center;\">fils de<\/p>\n<p style=\"text-align: center;\">Louis MOREIL, <span style=\"color: #008000;\"><strong>ma\u00e7on <\/strong><\/span><strong>\/ <\/strong>Ursule Claire BOURDEAU<\/p>\n<p style=\"text-align: center;\">propri\u00e9taires cultivateurs<\/p>\n<p style=\"text-align: center;\"><span style=\"color: #ffffff;\">\u25d9<\/span><\/p>\n<p><strong>En 1891<\/strong>, <em>Charles, <\/em><span style=\"color: #008000;\"><strong>ma\u00e7on<\/strong><\/span><em>, travaille \u00e0 <\/em><span style=\"color: #0000ff;\"><strong>Lyon (69)<\/strong><\/span><em>, et loge 17, rue Moncey.<\/em><\/p>\n<p><strong>En 1896<\/strong><em>, il est dispens\u00e9 de service militaire, ayant un fr\u00e8re sous les drapeaux.<\/em><\/p>\n<p><strong>En 1897<\/strong><em>, toujours \u00e0 Lyon, il loge 7, rue Am\u00e9d\u00e9e Bonnet.<\/em><\/p>\n<p><em>Il \u00e9pouse Marie Augustine <\/em><strong>VIALATOUX<\/strong><em> le 3 mars <\/em><strong>1900<\/strong><em> \u00e0 <\/em>Roy\u00e8re<em> (contrat Toumieux). Ils habitent Vincent. <\/em><\/p>\n<p><strong>En 1901<\/strong><em>, Charles est \u00e0 Lyon et habite 27, rue Paul Bert\u00a0;<\/em><\/p>\n<p><strong>en 1905<\/strong><em>, \u00e0 <\/em><span style=\"color: #0000ff;\"><strong>Montsauche (58)<\/strong><\/span><em><span style=\"color: #0000ff;\">\u00a0<\/span>;<\/em><\/p>\n<p><strong>en 1910<\/strong><em>, \u00e0 <\/em><span style=\"color: #0000ff;\"><strong>Saint-\u00c9tienne (42)<\/strong><\/span><em>, 6, rue Raisin\u00a0;<\/em><\/p>\n<p><strong>En 1932<\/strong><em>, toujours \u00e0 Saint-\u00c9tienne, il est <\/em><span style=\"color: #008000;\"><strong>contrema\u00eetre ma\u00e7on<\/strong><\/span><em>, il habite 5, rue des fr\u00e8res Chappe.<\/em><\/p>\n<p><em>Les \u00e9poux d\u00e9c\u00e8dent\u00a0:<\/em><\/p>\n<ul>\n<li><em>Charles, \u00e0 Saint-\u00c9tienne, le 7 juillet \u25ba<\/em><span style=\"color: #000000;\"><strong><a style=\"color: #000000;\" href=\"https:\/\/www.lesmaconsdelacreuse.fr\/annuaires\/\/wp-content\/uploads\/DOCUMENTS\/1932_-_Deces_dAntoine_Charles_MOREIL.pdf\" target=\"_blank\" rel=\"noopener noreferrer\">1932<\/a><\/strong><\/span><em>, \u00e2g\u00e9 de 56 ans<\/em><\/li>\n<li><em>Marie, \u00e0 Bourg-Argental (42), le 12 avril <\/em><strong>1969<\/strong><em>, \u00e2g\u00e9e de 89 ans<\/em><\/li>\n<\/ul>\n<p>&nbsp;<\/p>\n","protected":false},"excerpt":{"rendered":"<p>Mis \u00e0 jour le : 25\/04\/2026Antoine Charles MOREIL Charles MOREIL 1875 \u2013 1932 \u25bacontrema\u00eetre\u00a0ma\u00e7on; propri\u00e9taire cultivateur &nbsp; n\u00e9 \u00e0 Grandrieux (Saint-Martin-Ch\u00e2teau) le 9 septembre 1875 fils de Louis MOREIL, ma\u00e7on \/ Ursule Claire BOURDEAU propri\u00e9taires cultivateurs \u25d9 En 1891, Charles, ma\u00e7on, travaille \u00e0 Lyon (69), et loge 17, rue Moncey. En 1896, il est dispens\u00e9 ..<\/p>\n<div class=\"clear-fix\"><\/div>\n<p><a href=\"https:\/\/www.lesmaconsdelacreuse.fr\/annuaires\/lettre-m\/m_859\/\" title=\"Lire la suite...\">Lire la suite<\/a><\/p>\n","protected":false},"author":2,"featured_media":0,"comment_status":"closed","ping_status":"closed","sticky":false,"template":"","format":"standard","meta":{"_acf_changed":false,"_exactmetrics_skip_tracking":false,"_exactmetrics_sitenote_active":false,"_exactmetrics_sitenote_note":"","_exactmetrics_sitenote_category":0,"footnotes":""},"categories":[14],"tags":[],"class_list":["post-38637","post","type-post","status-publish","format-standard","hentry","category-lettre-m"],"acf":[],"_links":{"self":[{"href":"https:\/\/www.lesmaconsdelacreuse.fr\/annuaires\/wp-json\/wp\/v2\/posts\/38637","targetHints":{"allow":["GET"]}}],"collection":[{"href":"https:\/\/www.lesmaconsdelacreuse.fr\/annuaires\/wp-json\/wp\/v2\/posts"}],"about":[{"href":"https:\/\/www.lesmaconsdelacreuse.fr\/annuaires\/wp-json\/wp\/v2\/types\/post"}],"author":[{"embeddable":true,"href":"https:\/\/www.lesmaconsdelacreuse.fr\/annuaires\/wp-json\/wp\/v2\/users\/2"}],"replies":[{"embeddable":true,"href":"https:\/\/www.lesmaconsdelacreuse.fr\/annuaires\/wp-json\/wp\/v2\/comments?post=38637"}],"version-history":[{"count":0,"href":"https:\/\/www.lesmaconsdelacreuse.fr\/annuaires\/wp-json\/wp\/v2\/posts\/38637\/revisions"}],"wp:attachment":[{"href":"https:\/\/www.lesmaconsdelacreuse.fr\/annuaires\/wp-json\/wp\/v2\/media?parent=38637"}],"wp:term":[{"taxonomy":"category","embeddable":true,"href":"https:\/\/www.lesmaconsdelacreuse.fr\/annuaires\/wp-json\/wp\/v2\/categories?post=38637"},{"taxonomy":"post_tag","embeddable":true,"href":"https:\/\/www.lesmaconsdelacreuse.fr\/annuaires\/wp-json\/wp\/v2\/tags?post=38637"}],"curies":[{"name":"wp","href":"https:\/\/api.w.org\/{rel}","templated":true}]}}