{"id":42384,"date":"2019-08-15T15:34:22","date_gmt":"2019-08-15T13:34:22","guid":{"rendered":"http:\/\/lesmaconsdelacreuse.fr\/annuaire\/?p=42384"},"modified":"2020-09-28T10:12:28","modified_gmt":"2020-09-28T08:12:28","slug":"t_0005a-tardivelle-jean","status":"publish","type":"post","link":"https:\/\/www.lesmaconsdelacreuse.fr\/annuaires\/lettre-t\/t_0005a-tardivelle-jean\/","title":{"rendered":"TARDIVELLE Jean (1798-1880)"},"content":{"rendered":"<p class=\"last-updated\"><strong>Mis \u00e0 jour le :<\/strong> 27\/04\/2026<\/p>\r\n<h2 style=\"text-align: center;\"><strong>Jean TARDIVELLE <\/strong><\/h2>\r\n<p style=\"text-align: center;\"><strong>Jean TARDIVET <\/strong><\/p>\r\n<p style=\"text-align: center;\"><strong>1798 \u2013 1880 <\/strong><\/p>\r\n<p style=\"text-align: center;\"><a href=\"https:\/\/www.lesmaconsdelacreuse.fr\/annuaires\/wp-content\/uploads\/2020\/07\/ne-sait-pas-signer.jpg\"><img loading=\"lazy\" decoding=\"async\" class=\"alignnone size-full wp-image-174596\" src=\"https:\/\/www.lesmaconsdelacreuse.fr\/annuaires\/wp-content\/uploads\/2020\/07\/ne-sait-pas-signer.jpg\" alt=\"\" width=\"156\" height=\"31\" srcset=\"https:\/\/www.lesmaconsdelacreuse.fr\/annuaires\/wp-content\/uploads\/2020\/07\/ne-sait-pas-signer.jpg 156w, https:\/\/www.lesmaconsdelacreuse.fr\/annuaires\/wp-content\/uploads\/2020\/07\/ne-sait-pas-signer-150x30.jpg 150w\" sizes=\"auto, (max-width: 156px) 100vw, 156px\" \/><\/a><\/p>\r\n<p>&nbsp;<\/p>\r\n<h4 style=\"text-align: center;\"><span style=\"color: #008000;\"><strong>\u25ba <a href=\"https:\/\/www.lesmaconsdelacreuse.fr\/annuaires\/wp-content\/uploads\/2019\/07\/TERRASSIER.png\" target=\"_blank\" rel=\"noopener noreferrer\"><span style=\"color: #008000;\">terrassier<\/span><\/a> et pionnier<\/strong> <\/span><\/h4>\r\n<p>&nbsp;<\/p>\r\n<p style=\"text-align: center;\">n\u00e9 dans la commune de Marsat (63)<\/p>\r\n<p style=\"text-align: center;\">le 18 brumaire an VII (8 novembre 1798)<\/p>\r\n<p style=\"text-align: center;\">fils de<\/p>\r\n<p style=\"text-align: center;\">Jean TARDIVELLE \/ Fran\u00e7oise PULBY ?<\/p>\r\n<p style=\"text-align: center;\"><span style=\"color: #ffffff;\">\u25d9<\/span><\/p>\r\n<p><strong>En 1825<\/strong>, Jean, terrassier, \u00e9poux de Marie <strong>CHAPTINEL<\/strong>, habite avec elle Fontlobines, commune de <span style=\"color: #0000ff;\"><strong>Saint-Just-de-Baffie (63)<\/strong><\/span>.<\/p>\r\n<p>Marie y d\u00e9c\u00e8de, le 30 avril <strong>1842<\/strong>, \u00e2g\u00e9e de 46 ans environ ; Jean y est pionnier.<\/p>\r\n<p>Il se remarie avec Magdeleine <strong>LECLAIR<\/strong>, veuve de Jean LEBRETTE, le 14 mars <strong>1843<\/strong> \u00e0 Auriat. Ils habitent d\u2019abord Le Mazeau, m\u00eame commune, puis La Brousse, commune de Saint-Pierre-le-Bost.<\/p>\r\n<p>\u25ba<a href=\"https:\/\/www.lesmaconsdelacreuse.fr\/annuaires\/wp-content\/uploads\/2019\/08\/1835-Travaux-sur-le-chemin-de-Roy\u00e8re-\u00e0-Saint-Pardoux-Lavaud-2.jpg\" target=\"_blank\" rel=\"noopener noreferrer\"><strong>En 1835<\/strong><\/a>, Jean participe \u00e0 l\u2019adjudication de travaux pour la commune de Roy\u00e8re sur le chemin de Roy\u00e8re \u00e0 Bourganeuf, mais ne l\u2019emporte pas.<\/p>\r\n<p>Les \u00e9poux d\u00e9c\u00e8dent \u00e0 Aurioux :<\/p>\r\n<p>\u2022\u00a0 Magdeleine, le 23 juin 1879, \u00e2g\u00e9e de 73 ans<\/p>\r\n<p>\u2022\u00a0 Jean, le 7 d\u00e9cembre 1880, \u00e2g\u00e9 de 82 ans<\/p>\r\n<p>&nbsp;<\/p>\r\n","protected":false},"excerpt":{"rendered":"<p>Mis \u00e0 jour le : 27\/04\/2026 Jean TARDIVELLE Jean TARDIVET 1798 \u2013 1880 &nbsp; \u25ba terrassier et pionnier &nbsp; n\u00e9 dans la commune de Marsat (63) le 18 brumaire an VII (8 novembre 1798) fils de Jean TARDIVELLE \/ Fran\u00e7oise PULBY ? \u25d9 En 1825, Jean, terrassier, \u00e9poux de Marie CHAPTINEL, habite avec elle Fontlobines, ..<\/p>\n<div class=\"clear-fix\"><\/div>\n<p><a href=\"https:\/\/www.lesmaconsdelacreuse.fr\/annuaires\/lettre-t\/t_0005a-tardivelle-jean\/\" title=\"Lire la suite...\">Lire la suite<\/a><\/p>\n","protected":false},"author":3,"featured_media":0,"comment_status":"closed","ping_status":"closed","sticky":false,"template":"","format":"standard","meta":{"_acf_changed":false,"_exactmetrics_skip_tracking":false,"_exactmetrics_sitenote_active":false,"_exactmetrics_sitenote_note":"","_exactmetrics_sitenote_category":0,"footnotes":""},"categories":[13],"tags":[],"class_list":["post-42384","post","type-post","status-publish","format-standard","hentry","category-lettre-t"],"acf":[],"_links":{"self":[{"href":"https:\/\/www.lesmaconsdelacreuse.fr\/annuaires\/wp-json\/wp\/v2\/posts\/42384","targetHints":{"allow":["GET"]}}],"collection":[{"href":"https:\/\/www.lesmaconsdelacreuse.fr\/annuaires\/wp-json\/wp\/v2\/posts"}],"about":[{"href":"https:\/\/www.lesmaconsdelacreuse.fr\/annuaires\/wp-json\/wp\/v2\/types\/post"}],"author":[{"embeddable":true,"href":"https:\/\/www.lesmaconsdelacreuse.fr\/annuaires\/wp-json\/wp\/v2\/users\/3"}],"replies":[{"embeddable":true,"href":"https:\/\/www.lesmaconsdelacreuse.fr\/annuaires\/wp-json\/wp\/v2\/comments?post=42384"}],"version-history":[{"count":0,"href":"https:\/\/www.lesmaconsdelacreuse.fr\/annuaires\/wp-json\/wp\/v2\/posts\/42384\/revisions"}],"wp:attachment":[{"href":"https:\/\/www.lesmaconsdelacreuse.fr\/annuaires\/wp-json\/wp\/v2\/media?parent=42384"}],"wp:term":[{"taxonomy":"category","embeddable":true,"href":"https:\/\/www.lesmaconsdelacreuse.fr\/annuaires\/wp-json\/wp\/v2\/categories?post=42384"},{"taxonomy":"post_tag","embeddable":true,"href":"https:\/\/www.lesmaconsdelacreuse.fr\/annuaires\/wp-json\/wp\/v2\/tags?post=42384"}],"curies":[{"name":"wp","href":"https:\/\/api.w.org\/{rel}","templated":true}]}}