{"id":4351,"date":"2019-07-28T12:12:07","date_gmt":"2019-07-28T10:12:07","guid":{"rendered":"http:\/\/lesmaconsdelacreuse.fr\/annuaire\/?p=4351"},"modified":"2022-06-08T11:05:22","modified_gmt":"2022-06-08T09:05:22","slug":"s_319","status":"publish","type":"post","link":"https:\/\/www.lesmaconsdelacreuse.fr\/annuaires\/lettre-s\/s_319\/","title":{"rendered":"SUCHEIX Robert (1900-1971)"},"content":{"rendered":"<p class=\"last-updated\"><strong>Mis \u00e0 jour le :<\/strong> 30\/04\/2026<\/p><h2 style=\"text-align: center;\"><strong>Robert SUCHEIX<\/strong><\/h2>\n<p style=\"text-align: center;\"><strong>1900 \u2013 1971<\/strong><\/p>\n<p><a href=\"https:\/\/www.lesmaconsdelacreuse.fr\/annuaires\/wp-content\/uploads\/2019\/07\/SUCHEIX-Robert-1900.jpg\"><img loading=\"lazy\" decoding=\"async\" class=\"size-full wp-image-200231 aligncenter\" src=\"https:\/\/www.lesmaconsdelacreuse.fr\/annuaires\/wp-content\/uploads\/2019\/07\/SUCHEIX-Robert-1900.jpg\" alt=\"\" width=\"146\" height=\"69\" srcset=\"https:\/\/www.lesmaconsdelacreuse.fr\/annuaires\/wp-content\/uploads\/2019\/07\/SUCHEIX-Robert-1900.jpg 146w, https:\/\/www.lesmaconsdelacreuse.fr\/annuaires\/wp-content\/uploads\/2019\/07\/SUCHEIX-Robert-1900-16x8.jpg 16w\" sizes=\"auto, (max-width: 146px) 100vw, 146px\" \/><\/a><\/p>\n<h4 style=\"text-align: center;\"><span style=\"color: #008000;\"><strong>ma\u00e7on<\/strong><\/span><\/h4>\n<p style=\"text-align: center;\">n\u00e9 au bourg de Morterolles<\/p>\n<p style=\"text-align: center;\">le 21 juin 1900<\/p>\n<p style=\"text-align: center;\">fils de<\/p>\n<p style=\"text-align: center;\">Jean SUCHEIX \/ Marie FONTBONNE<\/p>\n<p style=\"text-align: center;\">cultivateurs<\/p>\n<p style=\"text-align: center;\"><span style=\"color: #ffffff;\">\u25d9<\/span><\/p>\n<p><strong>En 1924<\/strong><em>, Robert habite <\/em><span style=\"color: #0000ff;\"><strong>Paris (75)<\/strong><\/span><em>, 166, boulevard de Charonne, 20e arrondissement.<\/em><\/p>\n<p><em> Il \u00e9pouse Yvonne Hyacinthe Blanche <\/em><strong>VERNEAU<\/strong><em>, cartonni\u00e8re,<\/em><em> le 2 ao\u00fbt de la m\u00eame ann\u00e9e \u00e0 Paris 20e. <\/em><\/p>\n<p><strong>En 1931<\/strong><em>, les \u00e9poux habitent 160, boulevard de Charonne\u00a0;<\/em><\/p>\n<p><strong>en 1935 et 1938<\/strong><em>, 3, passage Dagorno.<\/em><\/p>\n<p><em>Robert d\u00e9c\u00e8de \u00e0 Saint-Pardoux le 11 juin <\/em><strong>1971<\/strong><em>, \u00e2g\u00e9 de 70 ans. <\/em><\/p>\n","protected":false},"excerpt":{"rendered":"<p>Mis \u00e0 jour le : 30\/04\/2026Robert SUCHEIX 1900 \u2013 1971 ma\u00e7on n\u00e9 au bourg de Morterolles le 21 juin 1900 fils de Jean SUCHEIX \/ Marie FONTBONNE cultivateurs \u25d9 En 1924, Robert habite Paris (75), 166, boulevard de Charonne, 20e arrondissement. Il \u00e9pouse Yvonne Hyacinthe Blanche VERNEAU, cartonni\u00e8re, le 2 ao\u00fbt de la m\u00eame ann\u00e9e ..<\/p>\n<div class=\"clear-fix\"><\/div>\n<p><a href=\"https:\/\/www.lesmaconsdelacreuse.fr\/annuaires\/lettre-s\/s_319\/\" title=\"Lire la suite...\">Lire la suite<\/a><\/p>\n","protected":false},"author":2,"featured_media":0,"comment_status":"closed","ping_status":"closed","sticky":false,"template":"","format":"standard","meta":{"_acf_changed":false,"_exactmetrics_skip_tracking":false,"_exactmetrics_sitenote_active":false,"_exactmetrics_sitenote_note":"","_exactmetrics_sitenote_category":0,"footnotes":""},"categories":[12],"tags":[],"class_list":["post-4351","post","type-post","status-publish","format-standard","hentry","category-lettre-s"],"acf":[],"_links":{"self":[{"href":"https:\/\/www.lesmaconsdelacreuse.fr\/annuaires\/wp-json\/wp\/v2\/posts\/4351","targetHints":{"allow":["GET"]}}],"collection":[{"href":"https:\/\/www.lesmaconsdelacreuse.fr\/annuaires\/wp-json\/wp\/v2\/posts"}],"about":[{"href":"https:\/\/www.lesmaconsdelacreuse.fr\/annuaires\/wp-json\/wp\/v2\/types\/post"}],"author":[{"embeddable":true,"href":"https:\/\/www.lesmaconsdelacreuse.fr\/annuaires\/wp-json\/wp\/v2\/users\/2"}],"replies":[{"embeddable":true,"href":"https:\/\/www.lesmaconsdelacreuse.fr\/annuaires\/wp-json\/wp\/v2\/comments?post=4351"}],"version-history":[{"count":2,"href":"https:\/\/www.lesmaconsdelacreuse.fr\/annuaires\/wp-json\/wp\/v2\/posts\/4351\/revisions"}],"predecessor-version":[{"id":200232,"href":"https:\/\/www.lesmaconsdelacreuse.fr\/annuaires\/wp-json\/wp\/v2\/posts\/4351\/revisions\/200232"}],"wp:attachment":[{"href":"https:\/\/www.lesmaconsdelacreuse.fr\/annuaires\/wp-json\/wp\/v2\/media?parent=4351"}],"wp:term":[{"taxonomy":"category","embeddable":true,"href":"https:\/\/www.lesmaconsdelacreuse.fr\/annuaires\/wp-json\/wp\/v2\/categories?post=4351"},{"taxonomy":"post_tag","embeddable":true,"href":"https:\/\/www.lesmaconsdelacreuse.fr\/annuaires\/wp-json\/wp\/v2\/tags?post=4351"}],"curies":[{"name":"wp","href":"https:\/\/api.w.org\/{rel}","templated":true}]}}