{"id":4353,"date":"2019-07-28T12:12:07","date_gmt":"2019-07-28T10:12:07","guid":{"rendered":"http:\/\/lesmaconsdelacreuse.fr\/annuaire\/?p=4353"},"modified":"2022-06-08T11:08:09","modified_gmt":"2022-06-08T09:08:09","slug":"s_326","status":"publish","type":"post","link":"https:\/\/www.lesmaconsdelacreuse.fr\/annuaires\/lettre-s\/s_326\/","title":{"rendered":"SURDIEUX Jean (1870-1964)"},"content":{"rendered":"<p class=\"last-updated\"><strong>Mis \u00e0 jour le :<\/strong> 30\/04\/2026<\/p><h2 style=\"text-align: center;\"><strong>Jean SURDIEUX<\/strong><\/h2>\n<p style=\"text-align: center;\"><strong>1870 \u2013 1964<\/strong><\/p>\n<p><a href=\"https:\/\/www.lesmaconsdelacreuse.fr\/annuaires\/wp-content\/uploads\/2019\/07\/SURDIEUX-Jean-1870-1964.jpg\"><img loading=\"lazy\" decoding=\"async\" class=\"size-full wp-image-200235 aligncenter\" src=\"https:\/\/www.lesmaconsdelacreuse.fr\/annuaires\/wp-content\/uploads\/2019\/07\/SURDIEUX-Jean-1870-1964.jpg\" alt=\"\" width=\"141\" height=\"30\" srcset=\"https:\/\/www.lesmaconsdelacreuse.fr\/annuaires\/wp-content\/uploads\/2019\/07\/SURDIEUX-Jean-1870-1964.jpg 141w, https:\/\/www.lesmaconsdelacreuse.fr\/annuaires\/wp-content\/uploads\/2019\/07\/SURDIEUX-Jean-1870-1964-16x3.jpg 16w\" sizes=\"auto, (max-width: 141px) 100vw, 141px\" \/><\/a><\/p>\n<h4 style=\"text-align: center;\"><span style=\"color: #008000;\"><strong>entrepreneur de ma\u00e7onnerie<\/strong><\/span><\/h4>\n<p style=\"text-align: center;\">n\u00e9 \u00e0 Vige (Saint-Junien-la-Breg\u00e8re)<\/p>\n<p style=\"text-align: center;\">le 9 novembre 1870<\/p>\n<p style=\"text-align: center;\">fils de<\/p>\n<p style=\"text-align: center;\">L\u00e9onard SURDIEUX, <span style=\"color: #008000;\"><strong>ma\u00e7on<\/strong><\/span><\/p>\n<p style=\"text-align: center;\">Anne CL\u00c9DAT, cultivatrice<\/p>\n<p style=\"text-align: center;\"><span style=\"color: #ffffff;\">\u25d9<\/span><\/p>\n<p><strong>En 1891<\/strong><em>, Jean, <\/em><span style=\"color: #008000;\"><strong>ma\u00e7on<\/strong><\/span><em>, travaille dans la <\/em><span style=\"color: #0000ff;\"><strong>Seine <\/strong><\/span><em>et y passe le conseil de r\u00e9vision. Il est exempt\u00e9 de service militaire \u00e0 cause d\u2019une carie du tibia gauche.<\/em><\/p>\n<p><strong>En 1895<\/strong><em>, il habite <\/em><strong><span style=\"color: #0000ff;\">Paris (75)<\/span>,<\/strong><em> 6, passage Poncelet.<\/em><\/p>\n<p><em>\u00a0<\/em><em>Il \u00e9pouse Marie Louise<\/em><strong> CHASSIGNOL<\/strong><em> le 19 d\u00e9cembre de la m\u00eame ann\u00e9e<\/em> <em>au 17<sup>e<\/sup> arrondissement (mari\u00e9s sans contrat).<\/em><\/p>\n<p><strong>\u00a0En 1909<\/strong><em>, il est <\/em><span style=\"color: #008000;\"><strong>entrepreneur en ma\u00e7onnerie<\/strong><\/span><em>, et ils habitent 49, rue Poncelet.<\/em><\/p>\n<p><em>\u00a0<\/em><em>Ils y sont encore<\/em> <strong>en 1915<\/strong>.<\/p>\n<p><em> Jean d\u00e9c\u00e8de \u00e0 <\/em><span style=\"color: #0000ff;\"><strong>Vaux-sur-Mer (17)<\/strong><\/span><em> le 17 f\u00e9vrier <\/em><strong>1964<\/strong><em>, \u00e2g\u00e9 de 93 ans. <\/em><\/p>\n","protected":false},"excerpt":{"rendered":"<p>Mis \u00e0 jour le : 30\/04\/2026Jean SURDIEUX 1870 \u2013 1964 entrepreneur de ma\u00e7onnerie n\u00e9 \u00e0 Vige (Saint-Junien-la-Breg\u00e8re) le 9 novembre 1870 fils de L\u00e9onard SURDIEUX, ma\u00e7on Anne CL\u00c9DAT, cultivatrice \u25d9 En 1891, Jean, ma\u00e7on, travaille dans la Seine et y passe le conseil de r\u00e9vision. Il est exempt\u00e9 de service militaire \u00e0 cause d\u2019une carie ..<\/p>\n<div class=\"clear-fix\"><\/div>\n<p><a href=\"https:\/\/www.lesmaconsdelacreuse.fr\/annuaires\/lettre-s\/s_326\/\" title=\"Lire la suite...\">Lire la suite<\/a><\/p>\n","protected":false},"author":2,"featured_media":0,"comment_status":"closed","ping_status":"closed","sticky":false,"template":"","format":"standard","meta":{"_acf_changed":false,"_exactmetrics_skip_tracking":false,"_exactmetrics_sitenote_active":false,"_exactmetrics_sitenote_note":"","_exactmetrics_sitenote_category":0,"footnotes":""},"categories":[12],"tags":[],"class_list":["post-4353","post","type-post","status-publish","format-standard","hentry","category-lettre-s"],"acf":[],"_links":{"self":[{"href":"https:\/\/www.lesmaconsdelacreuse.fr\/annuaires\/wp-json\/wp\/v2\/posts\/4353","targetHints":{"allow":["GET"]}}],"collection":[{"href":"https:\/\/www.lesmaconsdelacreuse.fr\/annuaires\/wp-json\/wp\/v2\/posts"}],"about":[{"href":"https:\/\/www.lesmaconsdelacreuse.fr\/annuaires\/wp-json\/wp\/v2\/types\/post"}],"author":[{"embeddable":true,"href":"https:\/\/www.lesmaconsdelacreuse.fr\/annuaires\/wp-json\/wp\/v2\/users\/2"}],"replies":[{"embeddable":true,"href":"https:\/\/www.lesmaconsdelacreuse.fr\/annuaires\/wp-json\/wp\/v2\/comments?post=4353"}],"version-history":[{"count":3,"href":"https:\/\/www.lesmaconsdelacreuse.fr\/annuaires\/wp-json\/wp\/v2\/posts\/4353\/revisions"}],"predecessor-version":[{"id":200236,"href":"https:\/\/www.lesmaconsdelacreuse.fr\/annuaires\/wp-json\/wp\/v2\/posts\/4353\/revisions\/200236"}],"wp:attachment":[{"href":"https:\/\/www.lesmaconsdelacreuse.fr\/annuaires\/wp-json\/wp\/v2\/media?parent=4353"}],"wp:term":[{"taxonomy":"category","embeddable":true,"href":"https:\/\/www.lesmaconsdelacreuse.fr\/annuaires\/wp-json\/wp\/v2\/categories?post=4353"},{"taxonomy":"post_tag","embeddable":true,"href":"https:\/\/www.lesmaconsdelacreuse.fr\/annuaires\/wp-json\/wp\/v2\/tags?post=4353"}],"curies":[{"name":"wp","href":"https:\/\/api.w.org\/{rel}","templated":true}]}}