{"id":4360,"date":"2019-07-28T12:12:06","date_gmt":"2019-07-28T10:12:06","guid":{"rendered":"http:\/\/lesmaconsdelacreuse.fr\/annuaire\/?p=4360"},"modified":"2022-05-01T16:57:55","modified_gmt":"2022-05-01T14:57:55","slug":"s_333","status":"publish","type":"post","link":"https:\/\/www.lesmaconsdelacreuse.fr\/annuaires\/lettre-s\/s_333\/","title":{"rendered":"SOURDIEUX Pierre (1834-1890)"},"content":{"rendered":"<p class=\"last-updated\"><strong>Mis \u00e0 jour le :<\/strong> 30\/04\/2026<\/p><h2 style=\"text-align: center;\"><strong>Pierre SOURDIEUX<\/strong><\/h2>\n<p style=\"text-align: center;\"><strong>1834 \u2013 1890<\/strong><\/p>\n<p style=\"text-align: center;\"><a href=\"https:\/\/www.lesmaconsdelacreuse.fr\/annuaires\/wp-content\/uploads\/2020\/07\/ne-sait-pas-signer.jpg\"><img loading=\"lazy\" decoding=\"async\" class=\"alignnone size-full wp-image-174596\" src=\"https:\/\/www.lesmaconsdelacreuse.fr\/annuaires\/wp-content\/uploads\/2020\/07\/ne-sait-pas-signer.jpg\" alt=\"\" width=\"156\" height=\"31\" srcset=\"https:\/\/www.lesmaconsdelacreuse.fr\/annuaires\/wp-content\/uploads\/2020\/07\/ne-sait-pas-signer.jpg 156w, https:\/\/www.lesmaconsdelacreuse.fr\/annuaires\/wp-content\/uploads\/2020\/07\/ne-sait-pas-signer-150x30.jpg 150w\" sizes=\"auto, (max-width: 156px) 100vw, 156px\" \/><\/a><\/p>\n<p>&nbsp;<\/p>\n<h4 style=\"text-align: center;\"><span style=\"color: #008000;\"><strong>ma\u00e7on<\/strong><\/span><\/h4>\n<p>&nbsp;<\/p>\n<p style=\"text-align: center;\">n\u00e9 \u00e0 Ch\u00e9roux (Montboucher)<\/p>\n<p style=\"text-align: center;\">le 28 juillet 1834<\/p>\n<p style=\"text-align: center;\">fils de<\/p>\n<p style=\"text-align: center;\">Jean SOURDIEUX, \u25ba <a href=\"https:\/\/www.lesmaconsdelacreuse.fr\/annuaires\/wp-content\/uploads\/2020\/07\/TISSEUR-TISSEUSE-TISSERAND-TISSERANDE.png\" target=\"_blank\" rel=\"noopener noreferrer\"><span style=\"color: #000000;\">tisserand<\/span><\/a><\/p>\n<p style=\"text-align: center;\">Marie RADIGON, cultivatrice<\/p>\n<p style=\"text-align: center;\"><span style=\"color: #ffffff;\">\u25d9<\/span><\/p>\n<p><em>Pierre habite Saint-Moreil.<\/em><\/p>\n<p><strong>En 1854<\/strong><em>, il est \u00e0 <\/em><span style=\"color: #0000ff;\"><strong>Lyon (69)<\/strong><\/span><em> 3e. <\/em><\/p>\n<p><strong>En 1861<\/strong><em>, il habite 14, rue de la Loge (la procuration dit pourtant 6, rue de Trion\u00a0)\u00a0;<\/em><\/p>\n<p><strong>en 1866<\/strong><em>, 1, rue de la Favorite.<\/em><\/p>\n<p><em>Le 1er septembre de la m\u00eame ann\u00e9e \u00e0 Lyon 5e, il \u00e9pouse Anne <\/em><strong>CHOSSON<\/strong><em>,<\/em> \u25ba<span style=\"color: #000000;\"> <a style=\"color: #000000;\" href=\"https:\/\/www.lesmaconsdelacreuse.fr\/annuaires\/wp-content\/uploads\/2019\/07\/D\u00c9VIDEUSE.png\" target=\"_blank\" rel=\"noopener noreferrer\"><span style=\"color: #000000;\">d\u00e9videuse<\/span><\/a><\/span><em> (mari\u00e9s sans contrat).<\/em><\/p>\n<p><strong>En 1886<\/strong><em>, ils habitent 16, rue de la Favorite.<\/em><\/p>\n<p><em>\u00a0<\/em><em>Pierre d\u00e9c\u00e8de \u00e0 cette adresse le 3 septembre <\/em><strong>1890<\/strong><em>,<\/em><em> \u00e2g\u00e9 de 56 ans.<\/em><\/p>\n<p>&nbsp;<\/p>\n","protected":false},"excerpt":{"rendered":"<p>Mis \u00e0 jour le : 30\/04\/2026Pierre SOURDIEUX 1834 \u2013 1890 &nbsp; ma\u00e7on &nbsp; n\u00e9 \u00e0 Ch\u00e9roux (Montboucher) le 28 juillet 1834 fils de Jean SOURDIEUX, \u25ba tisserand Marie RADIGON, cultivatrice \u25d9 Pierre habite Saint-Moreil. En 1854, il est \u00e0 Lyon (69) 3e. En 1861, il habite 14, rue de la Loge (la procuration dit pourtant ..<\/p>\n<div class=\"clear-fix\"><\/div>\n<p><a href=\"https:\/\/www.lesmaconsdelacreuse.fr\/annuaires\/lettre-s\/s_333\/\" title=\"Lire la suite...\">Lire la suite<\/a><\/p>\n","protected":false},"author":2,"featured_media":0,"comment_status":"closed","ping_status":"closed","sticky":false,"template":"","format":"standard","meta":{"_acf_changed":false,"_exactmetrics_skip_tracking":false,"_exactmetrics_sitenote_active":false,"_exactmetrics_sitenote_note":"","_exactmetrics_sitenote_category":0,"footnotes":""},"categories":[12],"tags":[],"class_list":["post-4360","post","type-post","status-publish","format-standard","hentry","category-lettre-s"],"acf":[],"_links":{"self":[{"href":"https:\/\/www.lesmaconsdelacreuse.fr\/annuaires\/wp-json\/wp\/v2\/posts\/4360","targetHints":{"allow":["GET"]}}],"collection":[{"href":"https:\/\/www.lesmaconsdelacreuse.fr\/annuaires\/wp-json\/wp\/v2\/posts"}],"about":[{"href":"https:\/\/www.lesmaconsdelacreuse.fr\/annuaires\/wp-json\/wp\/v2\/types\/post"}],"author":[{"embeddable":true,"href":"https:\/\/www.lesmaconsdelacreuse.fr\/annuaires\/wp-json\/wp\/v2\/users\/2"}],"replies":[{"embeddable":true,"href":"https:\/\/www.lesmaconsdelacreuse.fr\/annuaires\/wp-json\/wp\/v2\/comments?post=4360"}],"version-history":[{"count":2,"href":"https:\/\/www.lesmaconsdelacreuse.fr\/annuaires\/wp-json\/wp\/v2\/posts\/4360\/revisions"}],"predecessor-version":[{"id":198549,"href":"https:\/\/www.lesmaconsdelacreuse.fr\/annuaires\/wp-json\/wp\/v2\/posts\/4360\/revisions\/198549"}],"wp:attachment":[{"href":"https:\/\/www.lesmaconsdelacreuse.fr\/annuaires\/wp-json\/wp\/v2\/media?parent=4360"}],"wp:term":[{"taxonomy":"category","embeddable":true,"href":"https:\/\/www.lesmaconsdelacreuse.fr\/annuaires\/wp-json\/wp\/v2\/categories?post=4360"},{"taxonomy":"post_tag","embeddable":true,"href":"https:\/\/www.lesmaconsdelacreuse.fr\/annuaires\/wp-json\/wp\/v2\/tags?post=4360"}],"curies":[{"name":"wp","href":"https:\/\/api.w.org\/{rel}","templated":true}]}}