{"id":4371,"date":"2019-07-28T12:12:06","date_gmt":"2019-07-28T10:12:06","guid":{"rendered":"http:\/\/lesmaconsdelacreuse.fr\/annuaire\/?p=4371"},"modified":"2020-01-20T11:29:55","modified_gmt":"2020-01-20T10:29:55","slug":"s_316","status":"publish","type":"post","link":"https:\/\/www.lesmaconsdelacreuse.fr\/annuaires\/lettre-s\/s_316\/","title":{"rendered":"SUCHEIX Jean Henri (1867-1935)"},"content":{"rendered":"<p class=\"last-updated\"><strong>Mis \u00e0 jour le :<\/strong> 30\/04\/2026<\/p><h2 style=\"text-align: center;\"><strong>Jean Henri SUCHEIX<\/strong><\/h2>\n<p style=\"text-align: center;\"><strong>1867 \u2013 1935<\/strong><\/p>\n<p style=\"text-align: center;\"><img loading=\"lazy\" decoding=\"async\" class=\"\" title=\"\" src=\"https:\/\/lesmaconsdelacreuse.fr\/annuaire\/wp-content\/uploads\/2019\/07\/image1-912.jpg\" alt=\"\" width=\"203\" height=\"99\" data-asset-id=\"4368\" data-source-id=\"i.0\" \/><\/p>\n<h4 style=\"text-align: center;\"><span style=\"color: #008000;\"><strong>ma\u00e7on <\/strong>et<strong> cultivateur<\/strong><\/span><\/h4>\n<p style=\"text-align: center;\">n\u00e9 au Monteil (Saint-Martin-Ch\u00e2teau)<\/p>\n<p style=\"text-align: center;\">le 19 d\u00e9cembre 1867<\/p>\n<p style=\"text-align: center;\">fils de<\/p>\n<p style=\"text-align: center;\">Jacques SUCHEIX, <span style=\"color: #008000;\"><strong>ma\u00e7on<\/strong><\/span><\/p>\n<p style=\"text-align: center;\">Marie M\u00c9MERY, cultivatrice<\/p>\n<p style=\"text-align: center;\"><span style=\"color: #ffffff;\">\u25d9<\/span><\/p>\n<p><strong>En 1888<\/strong>, <em>Jean est dispens\u00e9 de service militaire, ayant un fr\u00e8re sous les drapeaux.<\/em><\/p>\n<p><strong>En 1891<\/strong><em>, il travaille \u00e0 <\/em><span style=\"color: #0000ff;\"><strong>Bordeaux (33)<\/strong><\/span><em> et loge 22, place d\u2019Aquitaine.<\/em><\/p>\n<p><em> Il \u00e9pouse Eug\u00e9nie L\u00e9ontine <\/em><strong>SAURIAT <\/strong><em>le 13 f\u00e9vrier <\/em><strong>1900<\/strong><em> \u00e0 Morterolles (contrat Va\u00efsse \u00e0 Bourganeuf). Ils habitent le bourg de Morterolles.<\/em><\/p>\n<p><em>Ils d\u00e9c\u00e8dent\u00a0:<\/em><\/p>\n<ul>\n<li><em>Eug\u00e9nie, au bourg de Morterolles, le 24 avril <\/em><strong>1919<\/strong><em>, \u00e2g\u00e9e de 45 ans<\/em><\/li>\n<li><em>Jean, au Bost-Boussac, commune de Saint-Martin, le 28 f\u00e9vrier <\/em><strong>1935<\/strong><em>, \u00e2g\u00e9 de 67 ans<\/em><\/li>\n<\/ul>\n","protected":false},"excerpt":{"rendered":"<p>Mis \u00e0 jour le : 30\/04\/2026Jean Henri SUCHEIX 1867 \u2013 1935 ma\u00e7on et cultivateur n\u00e9 au Monteil (Saint-Martin-Ch\u00e2teau) le 19 d\u00e9cembre 1867 fils de Jacques SUCHEIX, ma\u00e7on Marie M\u00c9MERY, cultivatrice \u25d9 En 1888, Jean est dispens\u00e9 de service militaire, ayant un fr\u00e8re sous les drapeaux. En 1891, il travaille \u00e0 Bordeaux (33) et loge 22, ..<\/p>\n<div class=\"clear-fix\"><\/div>\n<p><a href=\"https:\/\/www.lesmaconsdelacreuse.fr\/annuaires\/lettre-s\/s_316\/\" title=\"Lire la suite...\">Lire la suite<\/a><\/p>\n","protected":false},"author":2,"featured_media":0,"comment_status":"closed","ping_status":"closed","sticky":false,"template":"","format":"standard","meta":{"_acf_changed":false,"_exactmetrics_skip_tracking":false,"_exactmetrics_sitenote_active":false,"_exactmetrics_sitenote_note":"","_exactmetrics_sitenote_category":0,"footnotes":""},"categories":[12],"tags":[],"class_list":["post-4371","post","type-post","status-publish","format-standard","hentry","category-lettre-s"],"acf":[],"_links":{"self":[{"href":"https:\/\/www.lesmaconsdelacreuse.fr\/annuaires\/wp-json\/wp\/v2\/posts\/4371","targetHints":{"allow":["GET"]}}],"collection":[{"href":"https:\/\/www.lesmaconsdelacreuse.fr\/annuaires\/wp-json\/wp\/v2\/posts"}],"about":[{"href":"https:\/\/www.lesmaconsdelacreuse.fr\/annuaires\/wp-json\/wp\/v2\/types\/post"}],"author":[{"embeddable":true,"href":"https:\/\/www.lesmaconsdelacreuse.fr\/annuaires\/wp-json\/wp\/v2\/users\/2"}],"replies":[{"embeddable":true,"href":"https:\/\/www.lesmaconsdelacreuse.fr\/annuaires\/wp-json\/wp\/v2\/comments?post=4371"}],"version-history":[{"count":0,"href":"https:\/\/www.lesmaconsdelacreuse.fr\/annuaires\/wp-json\/wp\/v2\/posts\/4371\/revisions"}],"wp:attachment":[{"href":"https:\/\/www.lesmaconsdelacreuse.fr\/annuaires\/wp-json\/wp\/v2\/media?parent=4371"}],"wp:term":[{"taxonomy":"category","embeddable":true,"href":"https:\/\/www.lesmaconsdelacreuse.fr\/annuaires\/wp-json\/wp\/v2\/categories?post=4371"},{"taxonomy":"post_tag","embeddable":true,"href":"https:\/\/www.lesmaconsdelacreuse.fr\/annuaires\/wp-json\/wp\/v2\/tags?post=4371"}],"curies":[{"name":"wp","href":"https:\/\/api.w.org\/{rel}","templated":true}]}}