{"id":4373,"date":"2019-07-28T12:12:06","date_gmt":"2019-07-28T10:12:06","guid":{"rendered":"http:\/\/lesmaconsdelacreuse.fr\/annuaire\/?p=4373"},"modified":"2022-06-08T11:06:39","modified_gmt":"2022-06-08T09:06:39","slug":"s_313","status":"publish","type":"post","link":"https:\/\/www.lesmaconsdelacreuse.fr\/annuaires\/lettre-s\/s_313\/","title":{"rendered":"SUCHER Jean (1816-1880)"},"content":{"rendered":"<p class=\"last-updated\"><strong>Mis \u00e0 jour le :<\/strong> 30\/04\/2026<\/p><h2 style=\"text-align: center;\"><strong>Jean SUCHER<\/strong><\/h2>\n<p style=\"text-align: center;\"><strong>1816 \u2013 1880<\/strong><\/p>\n<p><a href=\"https:\/\/www.lesmaconsdelacreuse.fr\/annuaires\/wp-content\/uploads\/2019\/07\/SUCHER-Jean-1816.jpg\"><img loading=\"lazy\" decoding=\"async\" class=\"size-full wp-image-200233 aligncenter\" src=\"https:\/\/www.lesmaconsdelacreuse.fr\/annuaires\/wp-content\/uploads\/2019\/07\/SUCHER-Jean-1816.jpg\" alt=\"\" width=\"242\" height=\"78\" srcset=\"https:\/\/www.lesmaconsdelacreuse.fr\/annuaires\/wp-content\/uploads\/2019\/07\/SUCHER-Jean-1816.jpg 242w, https:\/\/www.lesmaconsdelacreuse.fr\/annuaires\/wp-content\/uploads\/2019\/07\/SUCHER-Jean-1816-16x5.jpg 16w, https:\/\/www.lesmaconsdelacreuse.fr\/annuaires\/wp-content\/uploads\/2019\/07\/SUCHER-Jean-1816-150x48.jpg 150w\" sizes=\"auto, (max-width: 242px) 100vw, 242px\" \/><\/a><\/p>\n<h4 style=\"text-align: center;\"><span style=\"color: #008000;\"><strong>ma\u00e7on<\/strong><\/span><\/h4>\n<p style=\"text-align: center;\">n\u00e9 au bourg de Peyrat-le-Ch\u00e2teau (87)<\/p>\n<p style=\"text-align: center;\">le 8 f\u00e9vrier 1816<\/p>\n<p style=\"text-align: center;\">fils de<\/p>\n<p style=\"text-align: center;\">L\u00e9onard SUCHER \/ L\u00e9onarde SIMONET<\/p>\n<p style=\"text-align: center;\">cultivateurs<\/p>\n<p style=\"text-align: center;\"><span style=\"color: #ffffff;\">\u25d9<\/span><\/p>\n<p><em>Jean habite Saint-Moreil avec ses parents.<\/em><\/p>\n<p><strong>En 1836<\/strong><em>, il travaille \u00e0 <\/em><span style=\"color: #0000ff;\"><strong>Lyon (69)<\/strong><\/span><em>.<\/em><\/p>\n<p><strong>en 1864<\/strong><em>, \u00e0 <\/em><span style=\"color: #0000ff;\"><strong>Rive-de-Gier (42)<\/strong><\/span><em>.<\/em><\/p>\n<p><em>\u00a0<\/em><em>Le 15 d\u00e9cembre de la m\u00eame ann\u00e9e, il y \u00e9pouse Marie Pierrette Fran\u00e7oise <\/em><strong>MICHAUD<\/strong><em>, ling\u00e8re.<\/em><\/p>\n<p><em>\u00a0<\/em><em>Il y d\u00e9c\u00e8de, man\u0153uvre, le 2 avril <\/em><strong>1880<\/strong><em>, \u00e2g\u00e9 de 64 ans.<\/em><\/p>\n","protected":false},"excerpt":{"rendered":"<p>Mis \u00e0 jour le : 30\/04\/2026Jean SUCHER 1816 \u2013 1880 ma\u00e7on n\u00e9 au bourg de Peyrat-le-Ch\u00e2teau (87) le 8 f\u00e9vrier 1816 fils de L\u00e9onard SUCHER \/ L\u00e9onarde SIMONET cultivateurs \u25d9 Jean habite Saint-Moreil avec ses parents. En 1836, il travaille \u00e0 Lyon (69). en 1864, \u00e0 Rive-de-Gier (42). \u00a0Le 15 d\u00e9cembre de la m\u00eame ann\u00e9e, ..<\/p>\n<div class=\"clear-fix\"><\/div>\n<p><a href=\"https:\/\/www.lesmaconsdelacreuse.fr\/annuaires\/lettre-s\/s_313\/\" title=\"Lire la suite...\">Lire la suite<\/a><\/p>\n","protected":false},"author":2,"featured_media":0,"comment_status":"closed","ping_status":"closed","sticky":false,"template":"","format":"standard","meta":{"_acf_changed":false,"_exactmetrics_skip_tracking":false,"_exactmetrics_sitenote_active":false,"_exactmetrics_sitenote_note":"","_exactmetrics_sitenote_category":0,"footnotes":""},"categories":[12],"tags":[],"class_list":["post-4373","post","type-post","status-publish","format-standard","hentry","category-lettre-s"],"acf":[],"_links":{"self":[{"href":"https:\/\/www.lesmaconsdelacreuse.fr\/annuaires\/wp-json\/wp\/v2\/posts\/4373","targetHints":{"allow":["GET"]}}],"collection":[{"href":"https:\/\/www.lesmaconsdelacreuse.fr\/annuaires\/wp-json\/wp\/v2\/posts"}],"about":[{"href":"https:\/\/www.lesmaconsdelacreuse.fr\/annuaires\/wp-json\/wp\/v2\/types\/post"}],"author":[{"embeddable":true,"href":"https:\/\/www.lesmaconsdelacreuse.fr\/annuaires\/wp-json\/wp\/v2\/users\/2"}],"replies":[{"embeddable":true,"href":"https:\/\/www.lesmaconsdelacreuse.fr\/annuaires\/wp-json\/wp\/v2\/comments?post=4373"}],"version-history":[{"count":3,"href":"https:\/\/www.lesmaconsdelacreuse.fr\/annuaires\/wp-json\/wp\/v2\/posts\/4373\/revisions"}],"predecessor-version":[{"id":200234,"href":"https:\/\/www.lesmaconsdelacreuse.fr\/annuaires\/wp-json\/wp\/v2\/posts\/4373\/revisions\/200234"}],"wp:attachment":[{"href":"https:\/\/www.lesmaconsdelacreuse.fr\/annuaires\/wp-json\/wp\/v2\/media?parent=4373"}],"wp:term":[{"taxonomy":"category","embeddable":true,"href":"https:\/\/www.lesmaconsdelacreuse.fr\/annuaires\/wp-json\/wp\/v2\/categories?post=4373"},{"taxonomy":"post_tag","embeddable":true,"href":"https:\/\/www.lesmaconsdelacreuse.fr\/annuaires\/wp-json\/wp\/v2\/tags?post=4373"}],"curies":[{"name":"wp","href":"https:\/\/api.w.org\/{rel}","templated":true}]}}