{"id":4378,"date":"2019-07-28T12:12:06","date_gmt":"2019-07-28T10:12:06","guid":{"rendered":"http:\/\/lesmaconsdelacreuse.fr\/annuaire\/?p=4378"},"modified":"2020-09-17T11:19:44","modified_gmt":"2020-09-17T09:19:44","slug":"s_303","status":"publish","type":"post","link":"https:\/\/www.lesmaconsdelacreuse.fr\/annuaires\/lettre-s\/s_303\/","title":{"rendered":"SOMNOLET L\u00e9onard (1854-apr\u00e8s 1913)"},"content":{"rendered":"<p class=\"last-updated\"><strong>Mis \u00e0 jour le :<\/strong> 30\/04\/2026<\/p><h2 style=\"text-align: center;\"><strong>L\u00e9onard SOMNOLET<\/strong><\/h2>\n<p style=\"text-align: center;\"><strong>1854 \u2013 apr\u00e8s 1913<\/strong><\/p>\n<p style=\"text-align: center;\"><a href=\"https:\/\/www.lesmaconsdelacreuse.fr\/annuaires\/wp-content\/uploads\/2019\/07\/somnolet.jpg\"><img loading=\"lazy\" decoding=\"async\" class=\"alignnone size-medium wp-image-178905\" src=\"https:\/\/www.lesmaconsdelacreuse.fr\/annuaires\/wp-content\/uploads\/2019\/07\/somnolet-300x62.jpg\" alt=\"\" width=\"300\" height=\"62\" srcset=\"https:\/\/www.lesmaconsdelacreuse.fr\/annuaires\/wp-content\/uploads\/2019\/07\/somnolet-300x62.jpg 300w, https:\/\/www.lesmaconsdelacreuse.fr\/annuaires\/wp-content\/uploads\/2019\/07\/somnolet-150x31.jpg 150w, https:\/\/www.lesmaconsdelacreuse.fr\/annuaires\/wp-content\/uploads\/2019\/07\/somnolet.jpg 427w\" sizes=\"auto, (max-width: 300px) 100vw, 300px\" \/><\/a><\/p>\n<p>&nbsp;<\/p>\n<h4 style=\"text-align: center;\"><span style=\"color: #008000;\"><strong>ma\u00e7on<\/strong> et <\/span><strong>\u25ba <\/strong><span style=\"color: #008000;\"><strong><span style=\"color: #008000;\"><a style=\"color: #008000;\" href=\"https:\/\/www.lesmaconsdelacreuse.fr\/annuaires\/wp-content\/uploads\/2020\/07\/TAILLEUR-DE-PIERRE.png\" target=\"_blank\" rel=\"noopener noreferrer\"><span style=\"color: #008000;\">tailleur de pierre<\/span><\/a><\/span> ; <\/strong><strong>cultivateur<\/strong><\/span><\/h4>\n<p style=\"text-align: center;\">n\u00e9 \u00e0 Chez-Guillen (Peyrat-le-Ch\u00e2teau -87)<\/p>\n<p style=\"text-align: center;\">le 29 novembre 1854<\/p>\n<p style=\"text-align: center;\">fils de<\/p>\n<p style=\"text-align: center;\">\u00c9tienne SOMNOLET \/ Marguerite PEYNAUD<\/p>\n<p style=\"text-align: center;\">\u25ba <a href=\"https:\/\/www.lesmaconsdelacreuse.fr\/annuaires\/wp-content\/uploads\/2020\/08\/COLON-COLON-PARTIAIRE.png\" target=\"_blank\" rel=\"noopener noreferrer\"><span style=\"color: #000000;\">cultivateurs colons<\/span><\/a><\/p>\n<p style=\"text-align: center;\"><span style=\"color: #ffffff;\">\u25d9<\/span><\/p>\n<p><strong>En 1875<\/strong><em>, L\u00e9onard travaille en <\/em><span style=\"color: #0000ff;\"><strong>Charente (16)<\/strong><\/span><em> et y passe le conseil de r\u00e9vision. Il est exempt\u00e9 de service militaire, \u00e9tant atteint de totale calvitie.<\/em><\/p>\n<p><em> Il \u00e9pouse Marguerite <\/em><strong>GIRAUDON<\/strong><em> le 15 f\u00e9vrier <\/em><strong>1879<\/strong><em> \u00e0 Saint-Martin-Ch\u00e2teau (contrat Va\u00efsse \u00e0 Bourganeuf). <\/em><\/p>\n<p><em>Ils habitent Pont, commune de Saint-Martin.<\/em><\/p>\n<p>&nbsp;<\/p>\n","protected":false},"excerpt":{"rendered":"<p>Mis \u00e0 jour le : 30\/04\/2026L\u00e9onard SOMNOLET 1854 \u2013 apr\u00e8s 1913 &nbsp; ma\u00e7on et \u25ba tailleur de pierre ; cultivateur n\u00e9 \u00e0 Chez-Guillen (Peyrat-le-Ch\u00e2teau -87) le 29 novembre 1854 fils de \u00c9tienne SOMNOLET \/ Marguerite PEYNAUD \u25ba cultivateurs colons \u25d9 En 1875, L\u00e9onard travaille en Charente (16) et y passe le conseil de r\u00e9vision. Il ..<\/p>\n<div class=\"clear-fix\"><\/div>\n<p><a href=\"https:\/\/www.lesmaconsdelacreuse.fr\/annuaires\/lettre-s\/s_303\/\" title=\"Lire la suite...\">Lire la suite<\/a><\/p>\n","protected":false},"author":2,"featured_media":0,"comment_status":"closed","ping_status":"closed","sticky":false,"template":"","format":"standard","meta":{"_acf_changed":false,"_exactmetrics_skip_tracking":false,"_exactmetrics_sitenote_active":false,"_exactmetrics_sitenote_note":"","_exactmetrics_sitenote_category":0,"footnotes":""},"categories":[12],"tags":[],"class_list":["post-4378","post","type-post","status-publish","format-standard","hentry","category-lettre-s"],"acf":[],"_links":{"self":[{"href":"https:\/\/www.lesmaconsdelacreuse.fr\/annuaires\/wp-json\/wp\/v2\/posts\/4378","targetHints":{"allow":["GET"]}}],"collection":[{"href":"https:\/\/www.lesmaconsdelacreuse.fr\/annuaires\/wp-json\/wp\/v2\/posts"}],"about":[{"href":"https:\/\/www.lesmaconsdelacreuse.fr\/annuaires\/wp-json\/wp\/v2\/types\/post"}],"author":[{"embeddable":true,"href":"https:\/\/www.lesmaconsdelacreuse.fr\/annuaires\/wp-json\/wp\/v2\/users\/2"}],"replies":[{"embeddable":true,"href":"https:\/\/www.lesmaconsdelacreuse.fr\/annuaires\/wp-json\/wp\/v2\/comments?post=4378"}],"version-history":[{"count":0,"href":"https:\/\/www.lesmaconsdelacreuse.fr\/annuaires\/wp-json\/wp\/v2\/posts\/4378\/revisions"}],"wp:attachment":[{"href":"https:\/\/www.lesmaconsdelacreuse.fr\/annuaires\/wp-json\/wp\/v2\/media?parent=4378"}],"wp:term":[{"taxonomy":"category","embeddable":true,"href":"https:\/\/www.lesmaconsdelacreuse.fr\/annuaires\/wp-json\/wp\/v2\/categories?post=4378"},{"taxonomy":"post_tag","embeddable":true,"href":"https:\/\/www.lesmaconsdelacreuse.fr\/annuaires\/wp-json\/wp\/v2\/tags?post=4378"}],"curies":[{"name":"wp","href":"https:\/\/api.w.org\/{rel}","templated":true}]}}