{"id":4382,"date":"2019-07-28T12:12:05","date_gmt":"2019-07-28T10:12:05","guid":{"rendered":"http:\/\/lesmaconsdelacreuse.fr\/annuaire\/?p=4382"},"modified":"2020-01-20T11:29:57","modified_gmt":"2020-01-20T10:29:57","slug":"s_312","status":"publish","type":"post","link":"https:\/\/www.lesmaconsdelacreuse.fr\/annuaires\/lettre-s\/s_312\/","title":{"rendered":"SUCHEIX Jacques (1864-1944)"},"content":{"rendered":"<p class=\"last-updated\"><strong>Mis \u00e0 jour le :<\/strong> 30\/04\/2026<\/p><h2 style=\"text-align: center;\"><strong>Jacques SUCHEIX<\/strong><\/h2>\n<p style=\"text-align: center;\"><strong>1864 \u2013 1944<\/strong><\/p>\n<p style=\"text-align: center;\"><img loading=\"lazy\" decoding=\"async\" class=\"\" title=\"\" src=\"https:\/\/lesmaconsdelacreuse.fr\/annuaire\/wp-content\/uploads\/2019\/07\/image1-47.png\" alt=\"\" width=\"432\" height=\"64\" data-asset-id=\"4377\" data-source-id=\"i.0\" \/><\/p>\n<h4 style=\"text-align: center;\"><span style=\"color: #008000;\"><strong>ma\u00e7on <\/strong>et <strong>cultivateur<\/strong><\/span><\/h4>\n<p style=\"text-align: center;\">n\u00e9 au Monteil (Saint-Martin-Ch\u00e2teau)<\/p>\n<p style=\"text-align: center;\">le 3 octobre 1864<\/p>\n<p style=\"text-align: center;\">fils de<\/p>\n<p style=\"text-align: center;\">Jacques SUCHEIX, <span style=\"color: #008000;\"><strong>ma\u00e7on<\/strong><\/span><\/p>\n<p style=\"text-align: center;\">Marie M\u00c9MERY, cultivatrice<\/p>\n<p style=\"text-align: center;\"><span style=\"color: #ffffff;\">\u25d9<\/span><\/p>\n<p><em>Jacques \u00e9pouse Marie <\/em><strong>VACHERESSE<\/strong><em> le 10 mars <\/em><strong>1894<\/strong> <em>\u00e0 Mansat (contrat Va\u00efsse \u00e0 Bourganeuf). <\/em><\/p>\n<p><em> Ils habitent Mansat, puis le bourg de Morterolles. <\/em><\/p>\n<p><strong>En 1898<\/strong><em>, Jacques travaille \u00e0 <\/em><span style=\"color: #0000ff;\"><strong>Paris (75) <\/strong><\/span><em>et loge 4, impasse des Menuisiers. <\/em><\/p>\n<p><em>Les \u00e9poux d\u00e9c\u00e8dent\u00a0:<\/em><\/p>\n<p><em>\u2022\u00a0 Jacques, au bourg de Morterolles, le 24 avril <\/em><strong>1944<\/strong><em>, \u00e2g\u00e9 de 79 ans<\/em><\/p>\n<p><em>\u2022\u00a0 Marie, \u00e0 Bourganeuf, le 1er janvier <\/em><strong>1959<\/strong><em>, \u00e2g\u00e9e de 92 ans<\/em><\/p>\n","protected":false},"excerpt":{"rendered":"<p>Mis \u00e0 jour le : 30\/04\/2026Jacques SUCHEIX 1864 \u2013 1944 ma\u00e7on et cultivateur n\u00e9 au Monteil (Saint-Martin-Ch\u00e2teau) le 3 octobre 1864 fils de Jacques SUCHEIX, ma\u00e7on Marie M\u00c9MERY, cultivatrice \u25d9 Jacques \u00e9pouse Marie VACHERESSE le 10 mars 1894 \u00e0 Mansat (contrat Va\u00efsse \u00e0 Bourganeuf). Ils habitent Mansat, puis le bourg de Morterolles. En 1898, Jacques ..<\/p>\n<div class=\"clear-fix\"><\/div>\n<p><a href=\"https:\/\/www.lesmaconsdelacreuse.fr\/annuaires\/lettre-s\/s_312\/\" title=\"Lire la suite...\">Lire la suite<\/a><\/p>\n","protected":false},"author":2,"featured_media":0,"comment_status":"closed","ping_status":"closed","sticky":false,"template":"","format":"standard","meta":{"_acf_changed":false,"_exactmetrics_skip_tracking":false,"_exactmetrics_sitenote_active":false,"_exactmetrics_sitenote_note":"","_exactmetrics_sitenote_category":0,"footnotes":""},"categories":[12],"tags":[],"class_list":["post-4382","post","type-post","status-publish","format-standard","hentry","category-lettre-s"],"acf":[],"_links":{"self":[{"href":"https:\/\/www.lesmaconsdelacreuse.fr\/annuaires\/wp-json\/wp\/v2\/posts\/4382","targetHints":{"allow":["GET"]}}],"collection":[{"href":"https:\/\/www.lesmaconsdelacreuse.fr\/annuaires\/wp-json\/wp\/v2\/posts"}],"about":[{"href":"https:\/\/www.lesmaconsdelacreuse.fr\/annuaires\/wp-json\/wp\/v2\/types\/post"}],"author":[{"embeddable":true,"href":"https:\/\/www.lesmaconsdelacreuse.fr\/annuaires\/wp-json\/wp\/v2\/users\/2"}],"replies":[{"embeddable":true,"href":"https:\/\/www.lesmaconsdelacreuse.fr\/annuaires\/wp-json\/wp\/v2\/comments?post=4382"}],"version-history":[{"count":0,"href":"https:\/\/www.lesmaconsdelacreuse.fr\/annuaires\/wp-json\/wp\/v2\/posts\/4382\/revisions"}],"wp:attachment":[{"href":"https:\/\/www.lesmaconsdelacreuse.fr\/annuaires\/wp-json\/wp\/v2\/media?parent=4382"}],"wp:term":[{"taxonomy":"category","embeddable":true,"href":"https:\/\/www.lesmaconsdelacreuse.fr\/annuaires\/wp-json\/wp\/v2\/categories?post=4382"},{"taxonomy":"post_tag","embeddable":true,"href":"https:\/\/www.lesmaconsdelacreuse.fr\/annuaires\/wp-json\/wp\/v2\/tags?post=4382"}],"curies":[{"name":"wp","href":"https:\/\/api.w.org\/{rel}","templated":true}]}}