{"id":4391,"date":"2019-07-28T12:12:05","date_gmt":"2019-07-28T10:12:05","guid":{"rendered":"http:\/\/lesmaconsdelacreuse.fr\/annuaire\/?p=4391"},"modified":"2020-01-20T11:29:56","modified_gmt":"2020-01-20T10:29:56","slug":"s_322","status":"publish","type":"post","link":"https:\/\/www.lesmaconsdelacreuse.fr\/annuaires\/lettre-s\/s_322\/","title":{"rendered":"SURDIEU Germain (1870-1947)"},"content":{"rendered":"<p class=\"last-updated\"><strong>Mis \u00e0 jour le :<\/strong> 30\/04\/2026<\/p><h2 style=\"text-align: center;\"><strong>Germain SURDIEU<\/strong><\/h2>\n<p style=\"text-align: center;\"><strong>1870 \u2013 1947<\/strong><\/p>\n<p style=\"text-align: center;\"><img decoding=\"async\" title=\"\" src=\"https:\/\/lesmaconsdelacreuse.fr\/annuaire\/wp-content\/uploads\/2019\/07\/image1-918.jpg\" alt=\"\" data-asset-id=\"4387\" data-source-id=\"i.0\" \/><\/p>\n<h4 style=\"text-align: center;\"><span style=\"color: #008000;\"><strong>ma\u00e7on<\/strong><\/span><\/h4>\n<p style=\"text-align: center;\">n\u00e9 \u00e0 Vige (Saint-Junien-la-Breg\u00e8re)<\/p>\n<p style=\"text-align: center;\">le 6 d\u00e9cembre 1870<\/p>\n<p style=\"text-align: center;\">fils de<\/p>\n<p style=\"text-align: center;\">Jacques SURDIEU,<span style=\"color: #008000;\"><strong> ma\u00e7on<\/strong><\/span><\/p>\n<p style=\"text-align: center;\">Marie PIATTE, cultivatrice<\/p>\n<p style=\"text-align: center;\"><span style=\"color: #ffffff;\">\u25d9<\/span><\/p>\n<p><strong>En 1891<\/strong><em>, Germain travaille \u00e0 <\/em><span style=\"color: #0000ff;\"><strong>Lyon (69)<\/strong><\/span><em> et y passe le conseil de r\u00e9vision.<\/em><\/p>\n<p><strong>En 1895<\/strong><em>, il r\u00e9side 2, rue de la Conciergerie\u00a0;<\/em><\/p>\n<p><strong>en 1897<\/strong><em>, 27, place de la Pyramide\u00a0;<\/em><\/p>\n<p><strong>en 1898<\/strong><em>, 68, rue de Bonnel.<\/em><\/p>\n<p><em>Il \u00e9pouse Marie <\/em><strong>COULAUD<\/strong><em> le 2 mars <\/em><strong>1899<\/strong><em> \u00e0 Saint-Junien (contrat Berger \u00e0 Bourganeuf).<\/em><\/p>\n<p><em> Il continue \u00e0 travailler \u00e0 Lyon et habite\u00a0:<\/em><\/p>\n<p><strong>En 1900<\/strong><em>, 70, rue Paul Bert\u00a0;<\/em><\/p>\n<p><strong>en 1901<\/strong><em>, 32, rue des Tuileries\u00a0;<\/em><\/p>\n<p><strong>en 1905<\/strong><em>, au 27 de la m\u00eame rue.<\/em><\/p>\n<p><em>Il d\u00e9c\u00e8de \u00e0 Limoges le 20 mars <\/em><strong>1947<\/strong><em>, \u00e2g\u00e9 de 76 ans.<\/em><\/p>\n","protected":false},"excerpt":{"rendered":"<p>Mis \u00e0 jour le : 30\/04\/2026Germain SURDIEU 1870 \u2013 1947 ma\u00e7on n\u00e9 \u00e0 Vige (Saint-Junien-la-Breg\u00e8re) le 6 d\u00e9cembre 1870 fils de Jacques SURDIEU, ma\u00e7on Marie PIATTE, cultivatrice \u25d9 En 1891, Germain travaille \u00e0 Lyon (69) et y passe le conseil de r\u00e9vision. En 1895, il r\u00e9side 2, rue de la Conciergerie\u00a0; en 1897, 27, place ..<\/p>\n<div class=\"clear-fix\"><\/div>\n<p><a href=\"https:\/\/www.lesmaconsdelacreuse.fr\/annuaires\/lettre-s\/s_322\/\" title=\"Lire la suite...\">Lire la suite<\/a><\/p>\n","protected":false},"author":2,"featured_media":0,"comment_status":"closed","ping_status":"closed","sticky":false,"template":"","format":"standard","meta":{"_acf_changed":false,"_exactmetrics_skip_tracking":false,"_exactmetrics_sitenote_active":false,"_exactmetrics_sitenote_note":"","_exactmetrics_sitenote_category":0,"footnotes":""},"categories":[12],"tags":[],"class_list":["post-4391","post","type-post","status-publish","format-standard","hentry","category-lettre-s"],"acf":[],"_links":{"self":[{"href":"https:\/\/www.lesmaconsdelacreuse.fr\/annuaires\/wp-json\/wp\/v2\/posts\/4391","targetHints":{"allow":["GET"]}}],"collection":[{"href":"https:\/\/www.lesmaconsdelacreuse.fr\/annuaires\/wp-json\/wp\/v2\/posts"}],"about":[{"href":"https:\/\/www.lesmaconsdelacreuse.fr\/annuaires\/wp-json\/wp\/v2\/types\/post"}],"author":[{"embeddable":true,"href":"https:\/\/www.lesmaconsdelacreuse.fr\/annuaires\/wp-json\/wp\/v2\/users\/2"}],"replies":[{"embeddable":true,"href":"https:\/\/www.lesmaconsdelacreuse.fr\/annuaires\/wp-json\/wp\/v2\/comments?post=4391"}],"version-history":[{"count":0,"href":"https:\/\/www.lesmaconsdelacreuse.fr\/annuaires\/wp-json\/wp\/v2\/posts\/4391\/revisions"}],"wp:attachment":[{"href":"https:\/\/www.lesmaconsdelacreuse.fr\/annuaires\/wp-json\/wp\/v2\/media?parent=4391"}],"wp:term":[{"taxonomy":"category","embeddable":true,"href":"https:\/\/www.lesmaconsdelacreuse.fr\/annuaires\/wp-json\/wp\/v2\/categories?post=4391"},{"taxonomy":"post_tag","embeddable":true,"href":"https:\/\/www.lesmaconsdelacreuse.fr\/annuaires\/wp-json\/wp\/v2\/tags?post=4391"}],"curies":[{"name":"wp","href":"https:\/\/api.w.org\/{rel}","templated":true}]}}