{"id":4400,"date":"2019-07-28T12:12:05","date_gmt":"2019-07-28T10:12:05","guid":{"rendered":"http:\/\/lesmaconsdelacreuse.fr\/annuaire\/?p=4400"},"modified":"2020-09-21T10:01:08","modified_gmt":"2020-09-21T08:01:08","slug":"s_325","status":"publish","type":"post","link":"https:\/\/www.lesmaconsdelacreuse.fr\/annuaires\/lettre-s\/s_325\/","title":{"rendered":"SURDIEUX Jean (1850-1901)"},"content":{"rendered":"<p class=\"last-updated\"><strong>Mis \u00e0 jour le :<\/strong> 30\/04\/2026<\/p><h2 style=\"text-align: center;\"><strong>Jean SURDIEUX<\/strong><\/h2>\n<p style=\"text-align: center;\"><strong>Jean SOURDIEUX<\/strong><\/p>\n<p style=\"text-align: center;\"><strong>1850 \u2013 1901<\/strong><\/p>\n<p style=\"text-align: center;\"><img loading=\"lazy\" decoding=\"async\" class=\"\" title=\"\" src=\"https:\/\/lesmaconsdelacreuse.fr\/annuaire\/wp-content\/uploads\/2019\/07\/image1-921.jpg\" alt=\"\" width=\"277\" height=\"109\" data-asset-id=\"4397\" data-source-id=\"i.0\" \/><\/p>\n<h4 style=\"text-align: center;\"><span style=\"color: #008000;\"><strong>ma\u00e7on <\/strong>et<strong> cultivateur<\/strong><\/span><\/h4>\n<p>&nbsp;<\/p>\n<p style=\"text-align: center;\">n\u00e9 au bourg de Sainte-Anne-Saint-Priest (87)<\/p>\n<p style=\"text-align: center;\">le 4 mars 1850<\/p>\n<p style=\"text-align: center;\">fils de<\/p>\n<p style=\"text-align: center;\">Pierre SOURDIEUX, <span style=\"color: #008000;\"><strong>ma\u00e7on<\/strong><\/span> et commissionnaire<\/p>\n<p style=\"text-align: center;\">Marie COUTURIER, cultivatrice<\/p>\n<p style=\"text-align: center;\"><span style=\"color: #ffffff;\">\u25d9<\/span><\/p>\n<p><strong>En 1871<\/strong><em>, Jean est exempt\u00e9 de service militaire comme fils a\u00een\u00e9 de veuve.<\/em><\/p>\n<p><em>Il \u00e9pouse D\u00e9sir\u00e9e <\/em><strong>MONTHIOUX<\/strong><em> le 16 f\u00e9vrier <\/em><strong>1874<\/strong><em> \u00e0 Saint-Moreil (contrat Magadoux \u00e0 Saint-Martin-Ch\u00e2teau).<\/em><\/p>\n<p><em> Ils habitent Saint-Moreil.<\/em><\/p>\n<p><em>Ils y d\u00e9c\u00e8dent\u00a0:<\/em><\/p>\n<ul>\n<li><em>Jean, le 3 d\u00e9cembre <\/em><strong>1901<\/strong><em>, \u00e2g\u00e9 de 51 ans, \u25ba<a href=\"https:\/\/www.lesmaconsdelacreuse.fr\/annuaires\/\/wp-content\/uploads\/LEXIQUE\/AB_INTESTAT.pdf\" target=\"_blank\" rel=\"noopener noreferrer\">ab intestat<\/a><br \/>\n<\/em><\/li>\n<li><em>D\u00e9sir\u00e9e, le 9 avril <\/em><strong>1926<\/strong><em>, \u00e2g\u00e9e de 70 ans<\/em><\/li>\n<\/ul>\n<p>&nbsp;<\/p>\n","protected":false},"excerpt":{"rendered":"<p>Mis \u00e0 jour le : 30\/04\/2026Jean SURDIEUX Jean SOURDIEUX 1850 \u2013 1901 ma\u00e7on et cultivateur &nbsp; n\u00e9 au bourg de Sainte-Anne-Saint-Priest (87) le 4 mars 1850 fils de Pierre SOURDIEUX, ma\u00e7on et commissionnaire Marie COUTURIER, cultivatrice \u25d9 En 1871, Jean est exempt\u00e9 de service militaire comme fils a\u00een\u00e9 de veuve. Il \u00e9pouse D\u00e9sir\u00e9e MONTHIOUX le ..<\/p>\n<div class=\"clear-fix\"><\/div>\n<p><a href=\"https:\/\/www.lesmaconsdelacreuse.fr\/annuaires\/lettre-s\/s_325\/\" title=\"Lire la suite...\">Lire la suite<\/a><\/p>\n","protected":false},"author":2,"featured_media":0,"comment_status":"closed","ping_status":"closed","sticky":false,"template":"","format":"standard","meta":{"_acf_changed":false,"_exactmetrics_skip_tracking":false,"_exactmetrics_sitenote_active":false,"_exactmetrics_sitenote_note":"","_exactmetrics_sitenote_category":0,"footnotes":""},"categories":[12],"tags":[],"class_list":["post-4400","post","type-post","status-publish","format-standard","hentry","category-lettre-s"],"acf":[],"_links":{"self":[{"href":"https:\/\/www.lesmaconsdelacreuse.fr\/annuaires\/wp-json\/wp\/v2\/posts\/4400","targetHints":{"allow":["GET"]}}],"collection":[{"href":"https:\/\/www.lesmaconsdelacreuse.fr\/annuaires\/wp-json\/wp\/v2\/posts"}],"about":[{"href":"https:\/\/www.lesmaconsdelacreuse.fr\/annuaires\/wp-json\/wp\/v2\/types\/post"}],"author":[{"embeddable":true,"href":"https:\/\/www.lesmaconsdelacreuse.fr\/annuaires\/wp-json\/wp\/v2\/users\/2"}],"replies":[{"embeddable":true,"href":"https:\/\/www.lesmaconsdelacreuse.fr\/annuaires\/wp-json\/wp\/v2\/comments?post=4400"}],"version-history":[{"count":0,"href":"https:\/\/www.lesmaconsdelacreuse.fr\/annuaires\/wp-json\/wp\/v2\/posts\/4400\/revisions"}],"wp:attachment":[{"href":"https:\/\/www.lesmaconsdelacreuse.fr\/annuaires\/wp-json\/wp\/v2\/media?parent=4400"}],"wp:term":[{"taxonomy":"category","embeddable":true,"href":"https:\/\/www.lesmaconsdelacreuse.fr\/annuaires\/wp-json\/wp\/v2\/categories?post=4400"},{"taxonomy":"post_tag","embeddable":true,"href":"https:\/\/www.lesmaconsdelacreuse.fr\/annuaires\/wp-json\/wp\/v2\/tags?post=4400"}],"curies":[{"name":"wp","href":"https:\/\/api.w.org\/{rel}","templated":true}]}}